{"id":3261,"date":"2017-06-22T05:52:20","date_gmt":"2017-06-22T05:52:20","guid":{"rendered":"https:\/\/codexflores.ch\/index.php\/2017\/06\/22\/der-ring-in-historisch-informierter-auffuehrungspraxis\/"},"modified":"2017-06-22T05:52:20","modified_gmt":"2017-06-22T05:52:20","slug":"der-ring-in-historisch-informierter-auffuehrungspraxis","status":"publish","type":"post","link":"https:\/\/codexflores.ch\/index.php\/2017\/06\/22\/der-ring-in-historisch-informierter-auffuehrungspraxis\/","title":{"rendered":"Der \u00abRing\u00bb in historisch informierter Auff\u00fchrungspraxis"},"content":{"rendered":"<p><span style=\"font-family: arial,helvetica,sans-serif; font-size: small;\">22.06.2017 &#8212; Der Dirigent Kent Nagano, das Ensemble Concerto K\u00f6ln sowie Wissenschaftler der Universit\u00e4t und der Musikhochschule K\u00f6ln erarbeiten eine historisch informierte Auff\u00fchrung von Richard Wagners Tetralogie \u00abDer Ring des Nibelungen\u00bb.<\/span><\/p>\n<p><span style=\"font-family: arial,helvetica,sans-serif; font-size: small;\"><strong>22.06.2017 &#8212; Der Dirigent Kent Nagano, das Ensemble Concerto K\u00f6ln sowie Wissenschaftler der Universit\u00e4t und der Musikhochschule K\u00f6ln erarbeiten eine historisch informierte Auff\u00fchrung von Richard Wagners Tetralogie \u00abDer Ring des Nibelungen\u00bb.<\/strong><\/span><\/p>\n<p><strong>\u00a0<\/strong><\/p>\n<p><span style=\"font-family: arial,helvetica,sans-serif; font-size: small;\">Ziel des ambitionierten Unternehmens ist ein auff\u00fchrungspraktischer Ratgeber f\u00fcr die Musik und das Opernwesen des 19. Jahrhunderts. Die Ergebnisse kommen ab der Spielzeit 2020\/21 in der Interpretation von Concerto K\u00f6ln und Kent Nagano zur Auff\u00fchrung. S\u00e4mtliche Forschungsergebnisse sollen im Open Access ver\u00f6ffentlicht werden.<\/span>\u00a0<\/p>\n<p>\u00a0<\/p>\n<p><span style=\"font-family: arial,helvetica,sans-serif; font-size: small;\">Die ersten Arbeiten zum Projekt haben im Mai dieses Jahres\u00a0 begonnen. Der offizielle Startschuss f\u00e4llt im September 2017 mit einem Symposium. Getragen wird es von der Kunststiftung NRW, den Freunden von Concerto K\u00f6ln e. V. und weiteren Unterst\u00fctzern. <em>(cf)<\/em><\/span><\/p>\n<p><strong>Mehr Infos:<\/strong> <a href=\"http:\/\/www.wagner-lesarten.de\" target=\"_blank\" rel=\"noopener noreferrer\">www.wagner-lesarten.de<\/a><\/p>\n","protected":false},"excerpt":{"rendered":"<p><span style=\"font-family: arial,helvetica,sans-serif; font-size: small;\">22.06.2017 &#8212; Der Dirigent Kent Nagano, das Ensemble Concerto K\u00f6ln sowie Wissenschaftler der Universit\u00e4t und der Musikhochschule K\u00f6ln erarbeiten eine historisch informierte Auff\u00fchrung von Richard Wagners Tetralogie \u00abDer Ring des Nibelungen\u00bb.<\/span><\/p>\n","protected":false},"author":1,"featured_media":0,"comment_status":"open","ping_status":"open","sticky":false,"template":"","format":"standard","meta":{"footnotes":""},"categories":[2],"tags":[],"class_list":["post-3261","post","type-post","status-publish","format-standard","hentry","category-nachrichten","entry"],"_links":{"self":[{"href":"https:\/\/codexflores.ch\/index.php\/wp-json\/wp\/v2\/posts\/3261","targetHints":{"allow":["GET"]}}],"collection":[{"href":"https:\/\/codexflores.ch\/index.php\/wp-json\/wp\/v2\/posts"}],"about":[{"href":"https:\/\/codexflores.ch\/index.php\/wp-json\/wp\/v2\/types\/post"}],"author":[{"embeddable":true,"href":"https:\/\/codexflores.ch\/index.php\/wp-json\/wp\/v2\/users\/1"}],"replies":[{"embeddable":true,"href":"https:\/\/codexflores.ch\/index.php\/wp-json\/wp\/v2\/comments?post=3261"}],"version-history":[{"count":0,"href":"https:\/\/codexflores.ch\/index.php\/wp-json\/wp\/v2\/posts\/3261\/revisions"}],"wp:attachment":[{"href":"https:\/\/codexflores.ch\/index.php\/wp-json\/wp\/v2\/media?parent=3261"}],"wp:term":[{"taxonomy":"category","embeddable":true,"href":"https:\/\/codexflores.ch\/index.php\/wp-json\/wp\/v2\/categories?post=3261"},{"taxonomy":"post_tag","embeddable":true,"href":"https:\/\/codexflores.ch\/index.php\/wp-json\/wp\/v2\/tags?post=3261"}],"curies":[{"name":"wp","href":"https:\/\/api.w.org\/{rel}","templated":true}]}}