{"id":3264,"date":"2017-06-23T06:37:23","date_gmt":"2017-06-23T06:37:23","guid":{"rendered":"https:\/\/codexflores.ch\/index.php\/2017\/06\/23\/leipziger-forscher-wollen-aesthetische-gefuehle-messbar-machen\/"},"modified":"2017-06-23T06:37:23","modified_gmt":"2017-06-23T06:37:23","slug":"leipziger-forscher-wollen-aesthetische-gefuehle-messbar-machen","status":"publish","type":"post","link":"https:\/\/codexflores.ch\/index.php\/2017\/06\/23\/leipziger-forscher-wollen-aesthetische-gefuehle-messbar-machen\/","title":{"rendered":"Emotionspsychologen wollen \u00e4sthetische Gef\u00fchle messbar machen"},"content":{"rendered":"<p><span style=\"font-family: arial,helvetica,sans-serif; font-size: small;\">23.06.2017 &#8212; Wissenschaftler und Wissenschaftlerinnen des Max-Planck-Instituts f\u00fcr empirische \u00c4sthetik haben eine Skala pr\u00e4sentiert, welche die komplexe Welt \u00e4sthetischer Gef\u00fchle erstmals universell erfassen soll.<\/span><\/p>\n<p><span style=\"font-family: arial,helvetica,sans-serif; font-size: small;\"><strong>23.06.2017 &#8212; Wissenschaftler und Wissenschaftlerinnen des Max-Planck-Instituts f\u00fcr empirische \u00c4sthetik haben eine Skala pr\u00e4sentiert, welche die komplexe Welt \u00e4sthetischer Gef\u00fchle erstmals universell erfassen soll.<\/strong><\/span><\/p>\n<p><span style=\"font-family: arial,helvetica,sans-serif; font-size: small;\">\u00a0<\/span><\/p>\n<p><span style=\"font-family: arial,helvetica,sans-serif; font-size: small;\">\u00c4sthetische Gef\u00fchle beschr\u00e4nken sich nicht auf Wohlgefallen und Begeisterung, sondern k\u00f6nnen als gemischte und auch negative Gef\u00fchle erlebt werden. Nicht selten tragen negative Gef\u00fchlskomponenten zu einem insgesamt als sch\u00f6n empfundenen Erlebnis bei. Um individuelle Gef\u00fchle systematisch in Daten zu \u00fcberf\u00fchren, muss Befragten also eine hinreichende Auswahl an Emotionen zur Verf\u00fcgung stehen. Dazhu haben die Forscher mt \u00abAesthemos\u00bb eine differenzierte Skala entwickelt, die 21 Emotionen abfr\u00e4gt, darunter Gef\u00fchle wie Sch\u00f6nheit, Faszination, Freude, Vitalit\u00e4t, R\u00fchrung, Nostalgie, Verwirrung, \u00c4rger und Langeweile.<\/span><\/p>\n<p>\u00a0<\/p>\n<p><span style=\"font-family: arial,helvetica,sans-serif; font-size: small;\">Die Skala erm\u00f6glicht es laut der Mitteilung nicht nur, die Art und Intensit\u00e4t der von einem \u00e4sthetischen Objekt ausgel\u00f6sten Gef\u00fchle zu messen. Sie erlaubt auch vergleichend zu untersuchen, welche Gef\u00fchle priorit\u00e4r mit den verschiedenen Kunstarten, mit Mode oder auch mit Naturwahrnehmungen verbunden sind. Weiterhin kann mit ihr untersucht werden, welche Gef\u00fchle zu einem positiven oder negativen \u00e4sthetischen Urteil beitragen. <em>(cf)<\/em><\/span><\/p>\n<p>\u00a0<\/p>\n<p><span style=\"font-family: arial,helvetica,sans-serif; font-size: small;\">Originalpublikation (open access): Schindler, I., Hosoya, G., Menninghaus, W., Beermann, U., Wagner, V., Eid, M., Scherer, K.R. (2017) Measuring aesthetic emotions: A review of the literature and a new assessment tool. PLOS ONE 12(6): e0178899. https:\/\/doi.org\/10.1371\/journal.pone.0178899\u00a0<\/span><\/p>\n<p><span style=\"font-family: arial,helvetica,sans-serif; font-size: small;\">\u00a0<\/span><\/p>\n","protected":false},"excerpt":{"rendered":"<p><span style=\"font-family: arial,helvetica,sans-serif; font-size: small;\">23.06.2017 &#8212; Wissenschaftler und Wissenschaftlerinnen des Max-Planck-Instituts f\u00fcr empirische \u00c4sthetik haben eine Skala pr\u00e4sentiert, welche die komplexe Welt \u00e4sthetischer Gef\u00fchle erstmals universell erfassen soll.<\/span><\/p>\n","protected":false},"author":1,"featured_media":0,"comment_status":"open","ping_status":"open","sticky":false,"template":"","format":"standard","meta":{"footnotes":""},"categories":[2],"tags":[],"class_list":["post-3264","post","type-post","status-publish","format-standard","hentry","category-nachrichten","entry"],"_links":{"self":[{"href":"https:\/\/codexflores.ch\/index.php\/wp-json\/wp\/v2\/posts\/3264","targetHints":{"allow":["GET"]}}],"collection":[{"href":"https:\/\/codexflores.ch\/index.php\/wp-json\/wp\/v2\/posts"}],"about":[{"href":"https:\/\/codexflores.ch\/index.php\/wp-json\/wp\/v2\/types\/post"}],"author":[{"embeddable":true,"href":"https:\/\/codexflores.ch\/index.php\/wp-json\/wp\/v2\/users\/1"}],"replies":[{"embeddable":true,"href":"https:\/\/codexflores.ch\/index.php\/wp-json\/wp\/v2\/comments?post=3264"}],"version-history":[{"count":0,"href":"https:\/\/codexflores.ch\/index.php\/wp-json\/wp\/v2\/posts\/3264\/revisions"}],"wp:attachment":[{"href":"https:\/\/codexflores.ch\/index.php\/wp-json\/wp\/v2\/media?parent=3264"}],"wp:term":[{"taxonomy":"category","embeddable":true,"href":"https:\/\/codexflores.ch\/index.php\/wp-json\/wp\/v2\/categories?post=3264"},{"taxonomy":"post_tag","embeddable":true,"href":"https:\/\/codexflores.ch\/index.php\/wp-json\/wp\/v2\/tags?post=3264"}],"curies":[{"name":"wp","href":"https:\/\/api.w.org\/{rel}","templated":true}]}}