{"id":3268,"date":"2017-06-27T06:00:46","date_gmt":"2017-06-27T06:00:46","guid":{"rendered":"https:\/\/codexflores.ch\/index.php\/2017\/06\/27\/filarmonica-joven-de-colombia-in-europa\/"},"modified":"2017-06-27T06:00:46","modified_gmt":"2017-06-27T06:00:46","slug":"filarmonica-joven-de-colombia-in-europa","status":"publish","type":"post","link":"https:\/\/codexflores.ch\/index.php\/2017\/06\/27\/filarmonica-joven-de-colombia-in-europa\/","title":{"rendered":"Filarm\u00f3nica Joven de Colombia auf Europatournee"},"content":{"rendered":"<p><span style=\"font-family: arial,helvetica,sans-serif; font-size: small;\">27.06.2017 &#8212; Das kolumbianische Nachwuchsorchester Filarm\u00f3nica Joven de Colombia (Colombian Youth Philharmonic) absolviert unter Leitung von Andr\u00e9s Orozco-Estrada erstmals eine Europatournee \u2013 mit Konzerten in Deutschland und \u00d6sterreich.<\/span><\/p>\n<p><span style=\"font-family: arial,helvetica,sans-serif; font-size: small;\"><strong>27.06.2017 &#8212; Das kolumbianische Nachwuchsorchester Filarm\u00f3nica Joven de Colombia (Colombian Youth Philharmonic) absolviert unter Leitung von Andr\u00e9s Orozco-Estrada erstmals eine Europatournee \u2013 mit Konzerten in Deutschland und \u00d6sterreich.<\/strong><\/span><\/p>\n<p><span style=\"font-family: arial,helvetica,sans-serif; font-size: small;\">\u00a0<\/span><\/p>\n<p><span style=\"font-family: arial,helvetica,sans-serif; font-size: small;\">Vom 27. Juni bis 6. Juli werden sich die besten jungen Musiker Kolumbiens mit einem Programm aus traditionellem sinfonischen Repertoire und Werken lateinamerikanischer Komponisten erstmals in Deutschland und \u00d6sterreich pr\u00e4sentieren. Musiker wie Daniel M\u00fcller-Schott, Claudio Bohorqu\u00e9z, Leticia Moreno und Juanita Lascarro sind die Solisten auf der Tournee.<\/span><\/p>\n<p><span style=\"font-family: arial,helvetica,sans-serif; font-size: small;\">\u00a0<\/span><\/p>\n<p><span style=\"font-family: arial,helvetica,sans-serif; font-size: small;\">Speziell ist das visuelle Konzept, das die Filarm\u00f3nica f\u00fcr Strawinskys \u00abSacre du Printemps\u00bb entwickelt hat: eine szenische Choreografie der Orchestermusiker mit Videoprojektionen und Licht-Design. Diese besondere Interpretation des \u00abSacre\u00bb wird in Wiesbaden, Berlin und Graz auf dem Programm stehen. Weitere Konzertorte sind Kassel, Stuttgart, Schloss Johannisberg und die Festspiele Mecklenburg-Vorpommern. <em>(cf)<\/em><\/span><\/p>\n<p>\u00a0<\/p>\n","protected":false},"excerpt":{"rendered":"<p><span style=\"font-family: arial,helvetica,sans-serif; font-size: small;\">27.06.2017 &#8212; Das kolumbianische Nachwuchsorchester Filarm\u00f3nica Joven de Colombia (Colombian Youth Philharmonic) absolviert unter Leitung von Andr\u00e9s Orozco-Estrada erstmals eine Europatournee \u2013 mit Konzerten in Deutschland und \u00d6sterreich.<\/span><\/p>\n","protected":false},"author":1,"featured_media":0,"comment_status":"open","ping_status":"open","sticky":false,"template":"","format":"standard","meta":{"footnotes":""},"categories":[2],"tags":[],"class_list":["post-3268","post","type-post","status-publish","format-standard","hentry","category-nachrichten","entry"],"_links":{"self":[{"href":"https:\/\/codexflores.ch\/index.php\/wp-json\/wp\/v2\/posts\/3268","targetHints":{"allow":["GET"]}}],"collection":[{"href":"https:\/\/codexflores.ch\/index.php\/wp-json\/wp\/v2\/posts"}],"about":[{"href":"https:\/\/codexflores.ch\/index.php\/wp-json\/wp\/v2\/types\/post"}],"author":[{"embeddable":true,"href":"https:\/\/codexflores.ch\/index.php\/wp-json\/wp\/v2\/users\/1"}],"replies":[{"embeddable":true,"href":"https:\/\/codexflores.ch\/index.php\/wp-json\/wp\/v2\/comments?post=3268"}],"version-history":[{"count":0,"href":"https:\/\/codexflores.ch\/index.php\/wp-json\/wp\/v2\/posts\/3268\/revisions"}],"wp:attachment":[{"href":"https:\/\/codexflores.ch\/index.php\/wp-json\/wp\/v2\/media?parent=3268"}],"wp:term":[{"taxonomy":"category","embeddable":true,"href":"https:\/\/codexflores.ch\/index.php\/wp-json\/wp\/v2\/categories?post=3268"},{"taxonomy":"post_tag","embeddable":true,"href":"https:\/\/codexflores.ch\/index.php\/wp-json\/wp\/v2\/tags?post=3268"}],"curies":[{"name":"wp","href":"https:\/\/api.w.org\/{rel}","templated":true}]}}