{"id":3270,"date":"2017-06-29T06:39:43","date_gmt":"2017-06-29T06:39:43","guid":{"rendered":"https:\/\/codexflores.ch\/index.php\/2017\/06\/29\/idomeneo-des-vereins-zuflucht-kultur-in-luzern\/"},"modified":"2017-06-29T06:39:43","modified_gmt":"2017-06-29T06:39:43","slug":"idomeneo-des-vereins-zuflucht-kultur-in-luzern","status":"publish","type":"post","link":"https:\/\/codexflores.ch\/index.php\/2017\/06\/29\/idomeneo-des-vereins-zuflucht-kultur-in-luzern\/","title":{"rendered":"\u00abIdomeneo\u00bb des Vereins Zuflucht Kultur in Luzern"},"content":{"rendered":"<p><span style=\"font-family: arial,helvetica,sans-serif; font-size: small;\">29.06.2017 &#8212; Der Stuttgarter Verein Zuflucht Kultur <span style=\"font-family: arial,helvetica,sans-serif; font-size: small;\">hat \u00abden Zweck, Kunst, Kultur und V\u00f6lkerverst\u00e4ndigung zu f\u00f6rdern\u00bb<\/span>. \u00abIdomeneo\u00bb, nach \u00abCos\u00ec fan tutte\u00bb und \u00abZaide\u00bb seine dritte Produktion, ist nun auch in der Schweiz zu sehen\u00a0\u2013 im Rahmen von Lucerne Festival.<\/span><\/p>\n<p><strong><span style=\"font-family: arial,helvetica,sans-serif; font-size: small;\">29.06.2017 &#8212; <span style=\"font-family: arial,helvetica,sans-serif; font-size: small;\">Der Stuttgarter Verein Zuflucht Kultur <span style=\"font-family: arial,helvetica,sans-serif; font-size: small;\">hat \u00abden Zweck, Kunst, Kultur und V\u00f6lkerverst\u00e4ndigung zu f\u00f6rdern\u00bb<\/span>. \u00abIdomeneo\u00bb, nach \u00abCos\u00ec fan tutte\u00bb und \u00abZaide\u00bb seine dritte Produktion, ist nun auch in der Schweiz zu sehen\u00a0\u2013 im Rahmen von Lucerne Festival.<\/span><br \/><\/span><\/strong><\/p>\n<p><span style=\"font-family: arial,helvetica,sans-serif; font-size: small;\">\u00a0<\/span><\/p>\n<p><span style=\"font-family: arial,helvetica,sans-serif; font-size: small;\">Der Regisseur Bernd Schmitt hat den Stoff mit heutigen Fl\u00fcchtlingen auf die B\u00fchne gebracht, die den Gesangssolisten der Oper zur Seite stehen: Sie werden durch neue Monologe ins Geschehen einbezogen, bei denen sie ihre eigenen Geschichten singen, spielen und erz\u00e4hlen k\u00f6nnen. Idomeneos Rezitative werden auf einem arabischen Instrument begleitet, auf der Kurzhalslaute Oud, und neben dem regul\u00e4ren Chor sorgt ein choreographierter Fl\u00fcchtlingschor f\u00fcr frische Akzente.\u00a0<\/span><\/p>\n<p><span style=\"font-family: arial,helvetica,sans-serif; font-size: small;\">\u00a0<\/span><\/p>\n<p><span style=\"font-family: arial,helvetica,sans-serif; font-size: small;\">Die Vorg\u00e4ngerprojekte h\u00e4tten bereits bewiesen, welch emotionale Wucht die Mitwirkung direkt Betroffener entfaltet, schreibt der Verein. Er wolle \u00abMut machen f\u00fcr das interkulturelle Miteinander\u00bb. Die Sendung \u00abZDF Die Anstalt\u00bb erhielt f\u00fcr den Auftritt des syrischen Fl\u00fcchtlingschor des Vereins den Grimmepreis 2015 und den Amnesty Preis f\u00fcr Menschenrechte \u00abf\u00fcr den Moment der Echtheit und Wichtigkeit\u00bb.<\/span><\/p>\n<p><span style=\"font-family: arial,helvetica,sans-serif; font-size: small;\">\u00a0<\/span><\/p>\n<p><span style=\"font-family: arial,helvetica,sans-serif; font-size: small;\">Der im Mai 2014 gegr\u00fcndete gemeinn\u00fctzige Stuttgarter Verein Zuflucht Kultur hat \u00abden Zweck, Kunst, Kultur und V\u00f6lkerverst\u00e4ndigung zu f\u00f6rdern\u00bb. Die F\u00f6rderung dient insbesondere der Unterst\u00fctzung von musikalischen Veranstaltungen, Konzerten, szenischen Auff\u00fchrungen und Liederabenden. <em>(cf)<\/em><\/span><\/p>\n<p><span style=\"font-family: arial,helvetica,sans-serif; font-size: small;\"><em><br \/><\/em><strong>Mehr Infos:<br \/><\/strong> <a href=\"https:\/\/www.lucernefestival.ch\/de\/programm\/bandart-orchester-chore-gordan-nikolic-bernd-schmitt\/491\" target=\"_blank\" rel=\"noopener noreferrer\">www.lucernefestival.ch\/de\/programm\/bandart-orchester-chore-gordan-nikolic-bernd-schmitt\/491<\/a><\/span><em><br \/><\/em><\/p>\n<p>\u00a0<\/p>\n<p>\u00a0<\/p>\n","protected":false},"excerpt":{"rendered":"<p><span style=\"font-family: arial,helvetica,sans-serif; font-size: small;\">29.06.2017 &#8212; Der Stuttgarter Verein Zuflucht Kultur <span style=\"font-family: arial,helvetica,sans-serif; font-size: small;\">hat \u00abden Zweck, Kunst, Kultur und V\u00f6lkerverst\u00e4ndigung zu f\u00f6rdern\u00bb<\/span>. \u00abIdomeneo\u00bb, nach \u00abCos\u00ec fan tutte\u00bb und \u00abZaide\u00bb seine dritte Produktion, ist nun auch in der Schweiz zu sehen\u00a0\u2013 im Rahmen von Lucerne Festival.<\/span><\/p>\n","protected":false},"author":1,"featured_media":0,"comment_status":"open","ping_status":"open","sticky":false,"template":"","format":"standard","meta":{"footnotes":""},"categories":[2],"tags":[],"class_list":["post-3270","post","type-post","status-publish","format-standard","hentry","category-nachrichten","entry"],"_links":{"self":[{"href":"https:\/\/codexflores.ch\/index.php\/wp-json\/wp\/v2\/posts\/3270","targetHints":{"allow":["GET"]}}],"collection":[{"href":"https:\/\/codexflores.ch\/index.php\/wp-json\/wp\/v2\/posts"}],"about":[{"href":"https:\/\/codexflores.ch\/index.php\/wp-json\/wp\/v2\/types\/post"}],"author":[{"embeddable":true,"href":"https:\/\/codexflores.ch\/index.php\/wp-json\/wp\/v2\/users\/1"}],"replies":[{"embeddable":true,"href":"https:\/\/codexflores.ch\/index.php\/wp-json\/wp\/v2\/comments?post=3270"}],"version-history":[{"count":0,"href":"https:\/\/codexflores.ch\/index.php\/wp-json\/wp\/v2\/posts\/3270\/revisions"}],"wp:attachment":[{"href":"https:\/\/codexflores.ch\/index.php\/wp-json\/wp\/v2\/media?parent=3270"}],"wp:term":[{"taxonomy":"category","embeddable":true,"href":"https:\/\/codexflores.ch\/index.php\/wp-json\/wp\/v2\/categories?post=3270"},{"taxonomy":"post_tag","embeddable":true,"href":"https:\/\/codexflores.ch\/index.php\/wp-json\/wp\/v2\/tags?post=3270"}],"curies":[{"name":"wp","href":"https:\/\/api.w.org\/{rel}","templated":true}]}}