{"id":3271,"date":"2017-06-30T06:06:46","date_gmt":"2017-06-30T06:06:46","guid":{"rendered":"https:\/\/codexflores.ch\/index.php\/2017\/06\/30\/nagano-verlaengert-vertrag-mit-dem-osm-nicht-mehr\/"},"modified":"2017-06-30T06:06:46","modified_gmt":"2017-06-30T06:06:46","slug":"nagano-verlaengert-vertrag-mit-dem-osm-nicht-mehr","status":"publish","type":"post","link":"https:\/\/codexflores.ch\/index.php\/2017\/06\/30\/nagano-verlaengert-vertrag-mit-dem-osm-nicht-mehr\/","title":{"rendered":"Nagano verl\u00e4ngert Vertrag mit dem OSM nicht mehr"},"content":{"rendered":"<p><span style=\"font-family: arial,helvetica,sans-serif; font-size: small;\">30.06.2017 &#8212; Kent Nagano verl\u00e4ngert trotz eines entsprechenden Angebotes seinen Vertrag als musikalischer Leiter des Orchestre symphonique de Montr\u00e9al (OSM) nicht \u00fcber 2020 hinaus. Er leitet das Ensemble somit noch drei Saisons.<\/span><\/p>\n<p><span style=\"font-family: arial,helvetica,sans-serif; font-size: small;\"><strong>30.06.2017 &#8212; Kent Nagano verl\u00e4ngert trotz eines entsprechenden Angebotes seinen Vertrag als musikalischer Leiter des Orchestre symphonique de Montr\u00e9al (OSM) nicht \u00fcber 2020 hinaus. Er leitet das Ensemble somit noch drei Saisons.<\/strong><\/span><\/p>\n<p><span style=\"font-family: arial,helvetica,sans-serif; font-size: small;\">\u00a0<\/span><\/p>\n<p><span style=\"font-family: arial,helvetica,sans-serif; font-size: small;\">Nach anderthalb Jahrzehnten in diesem Amt scheine f\u00fcr Nagano der richtige Zeitpunkt gekommen zu sein, \u00abdie Art der Zusammenarbeit zu ver\u00e4ndern und die Entwicklungsperspektiven neu auszurichten\u00bb, schreibt das Orchester. Es werde sich bald auf die Suche nach einem Nachfolger oder einer Nacfolgerin machen.<\/span><\/p>\n<p><span style=\"font-family: arial,helvetica,sans-serif; font-size: small;\">\u00a0<\/span><\/p>\n<p><span style=\"font-family: arial,helvetica,sans-serif; font-size: small;\">Nagano ist seit der Saison 2015\/16 auch Generalmusikdirektor der Hamburgischen Staatsoper sowie Chefdirigent des Philharmonischen Staatsorchesters Hamburg.\u00a0Zuvor war er unter anderem Generalmusikdirektor an der Bayerischen Staatsoper in M\u00fcnchen (2006 bis 2013) und Chefdirigent beim Deutschen Symphonie-Orchester Berlin (2000 bis 2006). <em>(cf)<\/em><\/span><\/p>\n<p>\u00a0<\/p>\n","protected":false},"excerpt":{"rendered":"<p><span style=\"font-family: arial,helvetica,sans-serif; font-size: small;\">30.06.2017 &#8212; Kent Nagano verl\u00e4ngert trotz eines entsprechenden Angebotes seinen Vertrag als musikalischer Leiter des Orchestre symphonique de Montr\u00e9al (OSM) nicht \u00fcber 2020 hinaus. Er leitet das Ensemble somit noch drei Saisons.<\/span><\/p>\n","protected":false},"author":1,"featured_media":0,"comment_status":"open","ping_status":"open","sticky":false,"template":"","format":"standard","meta":{"footnotes":""},"categories":[2],"tags":[],"class_list":["post-3271","post","type-post","status-publish","format-standard","hentry","category-nachrichten","entry"],"_links":{"self":[{"href":"https:\/\/codexflores.ch\/index.php\/wp-json\/wp\/v2\/posts\/3271","targetHints":{"allow":["GET"]}}],"collection":[{"href":"https:\/\/codexflores.ch\/index.php\/wp-json\/wp\/v2\/posts"}],"about":[{"href":"https:\/\/codexflores.ch\/index.php\/wp-json\/wp\/v2\/types\/post"}],"author":[{"embeddable":true,"href":"https:\/\/codexflores.ch\/index.php\/wp-json\/wp\/v2\/users\/1"}],"replies":[{"embeddable":true,"href":"https:\/\/codexflores.ch\/index.php\/wp-json\/wp\/v2\/comments?post=3271"}],"version-history":[{"count":0,"href":"https:\/\/codexflores.ch\/index.php\/wp-json\/wp\/v2\/posts\/3271\/revisions"}],"wp:attachment":[{"href":"https:\/\/codexflores.ch\/index.php\/wp-json\/wp\/v2\/media?parent=3271"}],"wp:term":[{"taxonomy":"category","embeddable":true,"href":"https:\/\/codexflores.ch\/index.php\/wp-json\/wp\/v2\/categories?post=3271"},{"taxonomy":"post_tag","embeddable":true,"href":"https:\/\/codexflores.ch\/index.php\/wp-json\/wp\/v2\/tags?post=3271"}],"curies":[{"name":"wp","href":"https:\/\/api.w.org\/{rel}","templated":true}]}}