{"id":3276,"date":"2017-07-06T04:38:29","date_gmt":"2017-07-06T04:38:29","guid":{"rendered":"https:\/\/codexflores.ch\/index.php\/2017\/07\/06\/bilanz-des-richard-strauss-festivals-2017\/"},"modified":"2017-07-06T04:38:29","modified_gmt":"2017-07-06T04:38:29","slug":"bilanz-des-richard-strauss-festivals-2017","status":"publish","type":"post","link":"https:\/\/codexflores.ch\/index.php\/2017\/07\/06\/bilanz-des-richard-strauss-festivals-2017\/","title":{"rendered":"Bilanz des Richard-Strauss-Festivals 2017"},"content":{"rendered":"<p><span style=\"font-family: arial,helvetica,sans-serif; font-size: small;\">06.07.2017 &#8212; Mit 25 Veranstaltungen an 7 Festivaltagen generierte das Richard-Strauss-Festival 2017 knapp 7000 Eintritte. Im Vergleich zum Vorjahr stiegen die Eintritte um rund 1500. Auch die Auslastung konnte gesteigert werden.<\/span><\/p>\n<p><span style=\"font-family: arial,helvetica,sans-serif; font-size: small;\"><strong>06.07.2017 &#8212; Mit 25 Veranstaltungen an 7 Festivaltagen generierte das Richard-Strauss-Festival 2017 knapp 7000 Eintritte. Im Vergleich zum Vorjahr stiegen die Eintritte um rund 1500. Auch die Auslastung konnte gesteigert werden.<\/strong><\/span><\/p>\n<p><span style=\"font-family: arial,helvetica,sans-serif; font-size: small;\">\u00a0<\/span><\/p>\n<p><span style=\"font-family: arial,helvetica,sans-serif; font-size: small;\">Ausverkauft waren ein K\u00fcnstlergespr\u00e4ch, ein Schauspielspaziergang, eine szenische Lesung, ein Klassik-Kabarett und das Orchesterkonzert III mit der Alpensinfonie.<\/span><\/p>\n<p>\u00a0<\/p>\n<p><span style=\"font-family: arial,helvetica,sans-serif; font-size: small;\">Das Festival steht seit neun Jahren unter der Leitung von Brigitte Fassbaender. Die S\u00e4ngerinwidmet sich weiterhin dem Eppaner Liedsommer und ihrer gesangsp\u00e4dagogischen Arbeit. Zudem ist sie in den kommenden Jahren an mehreren deutschen und \u00f6sterreichischen H\u00e4usern mit Regieauftr\u00e4gen betraut.<\/span><\/p>\n<p>\u00a0<\/p>\n<p><span style=\"font-family: arial,helvetica,sans-serif; font-size: small;\">Das Richard-Strauss-Festival 2018 findet vom 22. Juni bis 1. Juli 2018 statt. Festivalleiter Alexander Liebreich stellt seine k\u00fcnstlerischen Perspektiven und sein Programm im Herbst der \u00d6ffentlichkeit vor. <em>(cf)<\/em><\/span><\/p>\n<p><span style=\"font-family: arial,helvetica,sans-serif; font-size: small;\">\u00a0<\/span><\/p>\n","protected":false},"excerpt":{"rendered":"<p><span style=\"font-family: arial,helvetica,sans-serif; font-size: small;\">06.07.2017 &#8212; Mit 25 Veranstaltungen an 7 Festivaltagen generierte das Richard-Strauss-Festival 2017 knapp 7000 Eintritte. Im Vergleich zum Vorjahr stiegen die Eintritte um rund 1500. Auch die Auslastung konnte gesteigert werden.<\/span><\/p>\n","protected":false},"author":1,"featured_media":0,"comment_status":"open","ping_status":"open","sticky":false,"template":"","format":"standard","meta":{"footnotes":""},"categories":[2],"tags":[],"class_list":["post-3276","post","type-post","status-publish","format-standard","hentry","category-nachrichten","entry"],"_links":{"self":[{"href":"https:\/\/codexflores.ch\/index.php\/wp-json\/wp\/v2\/posts\/3276","targetHints":{"allow":["GET"]}}],"collection":[{"href":"https:\/\/codexflores.ch\/index.php\/wp-json\/wp\/v2\/posts"}],"about":[{"href":"https:\/\/codexflores.ch\/index.php\/wp-json\/wp\/v2\/types\/post"}],"author":[{"embeddable":true,"href":"https:\/\/codexflores.ch\/index.php\/wp-json\/wp\/v2\/users\/1"}],"replies":[{"embeddable":true,"href":"https:\/\/codexflores.ch\/index.php\/wp-json\/wp\/v2\/comments?post=3276"}],"version-history":[{"count":0,"href":"https:\/\/codexflores.ch\/index.php\/wp-json\/wp\/v2\/posts\/3276\/revisions"}],"wp:attachment":[{"href":"https:\/\/codexflores.ch\/index.php\/wp-json\/wp\/v2\/media?parent=3276"}],"wp:term":[{"taxonomy":"category","embeddable":true,"href":"https:\/\/codexflores.ch\/index.php\/wp-json\/wp\/v2\/categories?post=3276"},{"taxonomy":"post_tag","embeddable":true,"href":"https:\/\/codexflores.ch\/index.php\/wp-json\/wp\/v2\/tags?post=3276"}],"curies":[{"name":"wp","href":"https:\/\/api.w.org\/{rel}","templated":true}]}}