{"id":3278,"date":"2017-07-07T08:41:44","date_gmt":"2017-07-07T08:41:44","guid":{"rendered":"https:\/\/codexflores.ch\/index.php\/2017\/07\/07\/zuercher-tonhalle-verlaengert-vetrag-mit-intendantin-schmiel\/"},"modified":"2017-07-07T08:41:44","modified_gmt":"2017-07-07T08:41:44","slug":"zuercher-tonhalle-verlaengert-vetrag-mit-intendantin-schmiel","status":"publish","type":"post","link":"https:\/\/codexflores.ch\/index.php\/2017\/07\/07\/zuercher-tonhalle-verlaengert-vetrag-mit-intendantin-schmiel\/","title":{"rendered":"Z\u00fcrcher Tonhalle verl\u00e4ngert Vertrag mit Intendantin Schmiel"},"content":{"rendered":"<p><span style=\"font-family: arial,helvetica,sans-serif; font-size: small;\">07.07.2017 &#8212; Wie der Vorstand der Tonhalle-Gesellschaft Z\u00fcrich mitteilt, wird der bis 2019 laufende F\u00fcnfjahresvertrag von Intendantin Ilona Schmiel vorzeitig um weitere f\u00fcnf Jahre bis 2024 verl\u00e4ngert.<\/span><\/p>\n<p><span style=\"font-family: arial,helvetica,sans-serif; font-size: small;\"><strong>07.07.2017 &#8212; Wie der Vorstand der Tonhalle-Gesellschaft Z\u00fcrich mitteilt, wird der bis 2019 laufende F\u00fcnfjahresvertrag von Intendantin Ilona Schmiel vorzeitig um weitere f\u00fcnf Jahre bis 2024 verl\u00e4ngert.<\/strong><\/span><\/p>\n<p><span style=\"font-family: arial,helvetica,sans-serif; font-size: small;\">\u00a0<\/span><\/p>\n<p><span style=\"font-family: arial,helvetica,sans-serif; font-size: small;\">Mit der Vertragverl\u00e4ngerung werde einerseits sichergestellt, dass die drei Saisons in der Interims-Spielst\u00e4tte Tonhalle Maag, andererseits die Wiederer\u00f6ffnung der renovierten Tonhalle durch sie verantwortet werden, schreibt die Tonhalle-Gesellschaft. Schmiels Amtsdauer l\u00e4uft somit parallel zu jener von Paavo J\u00e4rvi, dem k\u00fcnftigen Chefdirigenten und k\u00fcnstlerischen Leiter des Tonhalle-Orchesters Z\u00fcrich, bis 31. Juli 2024.<\/span><\/p>\n<p><span style=\"font-family: arial,helvetica,sans-serif; font-size: small;\">\u00a0<\/span><\/p>\n<p><span style=\"font-family: arial,helvetica,sans-serif; font-size: small;\">Ilona Schmiel leitet seit Saisonbeginn 2014\/15 als Intendantin die Geschicke der Tonhalle-Gesellschaft Z\u00fcrich. Sie\u00a0 ist f\u00fcr s\u00e4mtliche Veranstaltungen und Tourneen des Tonhalle-Orchesters Z\u00fcrich sowie diverse weitere Konzertserien verantwortlich. Zuvor war sie von 2004 bis 2013 Intendantin und Gesch\u00e4ftsf\u00fchrerin des Beethovenfestes Bonn und zwischen 1998 und 2002 Intendantin des Bremer Konzerthauses \u00abDie Glocke\u00bb.<em> (cf)<\/em><\/span><\/p>\n<p><span style=\"font-family: arial,helvetica,sans-serif; font-size: small;\">\u00a0<\/span><\/p>\n","protected":false},"excerpt":{"rendered":"<p><span style=\"font-family: arial,helvetica,sans-serif; font-size: small;\">07.07.2017 &#8212; Wie der Vorstand der Tonhalle-Gesellschaft Z\u00fcrich mitteilt, wird der bis 2019 laufende F\u00fcnfjahresvertrag von Intendantin Ilona Schmiel vorzeitig um weitere f\u00fcnf Jahre bis 2024 verl\u00e4ngert.<\/span><\/p>\n","protected":false},"author":1,"featured_media":0,"comment_status":"open","ping_status":"open","sticky":false,"template":"","format":"standard","meta":{"footnotes":""},"categories":[2],"tags":[],"class_list":["post-3278","post","type-post","status-publish","format-standard","hentry","category-nachrichten","entry"],"_links":{"self":[{"href":"https:\/\/codexflores.ch\/index.php\/wp-json\/wp\/v2\/posts\/3278","targetHints":{"allow":["GET"]}}],"collection":[{"href":"https:\/\/codexflores.ch\/index.php\/wp-json\/wp\/v2\/posts"}],"about":[{"href":"https:\/\/codexflores.ch\/index.php\/wp-json\/wp\/v2\/types\/post"}],"author":[{"embeddable":true,"href":"https:\/\/codexflores.ch\/index.php\/wp-json\/wp\/v2\/users\/1"}],"replies":[{"embeddable":true,"href":"https:\/\/codexflores.ch\/index.php\/wp-json\/wp\/v2\/comments?post=3278"}],"version-history":[{"count":0,"href":"https:\/\/codexflores.ch\/index.php\/wp-json\/wp\/v2\/posts\/3278\/revisions"}],"wp:attachment":[{"href":"https:\/\/codexflores.ch\/index.php\/wp-json\/wp\/v2\/media?parent=3278"}],"wp:term":[{"taxonomy":"category","embeddable":true,"href":"https:\/\/codexflores.ch\/index.php\/wp-json\/wp\/v2\/categories?post=3278"},{"taxonomy":"post_tag","embeddable":true,"href":"https:\/\/codexflores.ch\/index.php\/wp-json\/wp\/v2\/tags?post=3278"}],"curies":[{"name":"wp","href":"https:\/\/api.w.org\/{rel}","templated":true}]}}