{"id":3279,"date":"2017-07-10T05:59:50","date_gmt":"2017-07-10T05:59:50","guid":{"rendered":"https:\/\/codexflores.ch\/index.php\/2017\/07\/10\/ein-schweizer-unter-den-kandidaten-des-haskil-wettbewerbs\/"},"modified":"2017-07-10T05:59:50","modified_gmt":"2017-07-10T05:59:50","slug":"ein-schweizer-unter-den-kandidaten-des-haskil-wettbewerbs","status":"publish","type":"post","link":"https:\/\/codexflores.ch\/index.php\/2017\/07\/10\/ein-schweizer-unter-den-kandidaten-des-haskil-wettbewerbs\/","title":{"rendered":"Ein Schweizer unter den Kandidaten des Haskil-Wettbewerbs"},"content":{"rendered":"<p><span style=\"font-family: arial,helvetica,sans-serif; font-size: small;\">10.07.2017 &#8212; F\u00fcr den XXVII. Internationalen Klavierwettbewerb Clara Haskil 2017, der in Vevey \u00fcber die B\u00fchne geht, haben 70 Pianisten ihre Kandidatur per Video eingereicht. Aus diesen Bewerbern wurden 26 Pianisten ausgew\u00e4hlt, darunter ein Schweizer.<\/span><\/p>\n<p><span style=\"font-family: arial,helvetica,sans-serif; font-size: small;\"><strong>10.07.2017 &#8212; F\u00fcr den XXVII. Internationalen Klavierwettbewerb Clara Haskil 2017, der in Vevey \u00fcber die B\u00fchne geht, haben 70 Pianisten ihre Kandidatur per Video eingereicht. Aus diesen Bewerbern wurden 26 Pianisten ausgew\u00e4hlt, darunter ein Schweizer.<\/strong><\/span><\/p>\n<p><span style=\"font-family: arial,helvetica,sans-serif; font-size: small;\">\u00a0<\/span><\/p>\n<p><span style=\"font-family: arial,helvetica,sans-serif; font-size: small;\">Insgesamt 70 Pianisten haben ihre Kandidatur per Video eingereicht. Unter den Ausgew\u00e4hlten findet sich der Schweizer Frederic Bager. Der vom Migros Kulturprozent gef\u00f6rderte geb\u00fcrtige Londoner studierte unter anderem in Genf und Lausanne und zuletzt an der Royal Academy of Music bei Ian Fountain. Insgesamt finden sich im Feld des Wettbewerbs 12 Frauen und 14 M\u00e4nner aus 13 Nationen.<\/span><\/p>\n<p><span style=\"font-family: arial,helvetica,sans-serif; font-size: small;\">\u00a0<\/span><\/p>\n<p><span style=\"font-family: arial,helvetica,sans-serif; font-size: small;\">Den Juryvorsitz \u00fcbernimmt zum zweiten und letzten Mal der Pianist Christian Zacharias. Neu in der Jury ist die franz\u00f6sische Pianistin Anne Queff\u00e9lec. Eine \u00abJeune Critique\u00bb gibt \u00fcberdies sieben Musikstudenten die M\u00f6glichkeit, aktiv an der Organisation mitzuwirken. Sie tragen w\u00e4hrend des Wettbewerbs zur Sichtbarkeit der Veranstaltung bei, indem sie durch \u00f6ffentliche Veranstaltungen f\u00fchren und an Radiosendungen mitarbeiten.<\/span><\/p>\n<p><span style=\"font-family: arial,helvetica,sans-serif; font-size: small;\">\u00a0<\/span><\/p>\n<p><span style=\"font-family: arial,helvetica,sans-serif; font-size: small;\">Die Jeune Critique arbeitet mit der Soziologin Miriam Odoni zusammen, die f\u00fcr ihre Dissertation sechs Jahre lang \u00fcber Auswahlkriterien bei internationalen Musikwettbewerben unter soziologischen Aspekten geforscht hat. Odoni war bei den Auswahlverfahren anwesend und wird es auch bei allen Beratungen der Wettbewerbsjury sein. F\u00fcr dieses soziologische Projekt, arbeitet Jeune Critique mit Olivier Voirol, Lehr- und Forschungrat der Universit\u00e4t Lausanne, zusammen. (cf)\u00a0<\/span><\/p>\n<p><span style=\"font-family: arial,helvetica,sans-serif; font-size: small;\">\u00a0<\/span><\/p>\n","protected":false},"excerpt":{"rendered":"<p><span style=\"font-family: arial,helvetica,sans-serif; font-size: small;\">10.07.2017 &#8212; F\u00fcr den XXVII. Internationalen Klavierwettbewerb Clara Haskil 2017, der in Vevey \u00fcber die B\u00fchne geht, haben 70 Pianisten ihre Kandidatur per Video eingereicht. Aus diesen Bewerbern wurden 26 Pianisten ausgew\u00e4hlt, darunter ein Schweizer.<\/span><\/p>\n","protected":false},"author":1,"featured_media":0,"comment_status":"open","ping_status":"open","sticky":false,"template":"","format":"standard","meta":{"footnotes":""},"categories":[2],"tags":[],"class_list":["post-3279","post","type-post","status-publish","format-standard","hentry","category-nachrichten","entry"],"_links":{"self":[{"href":"https:\/\/codexflores.ch\/index.php\/wp-json\/wp\/v2\/posts\/3279","targetHints":{"allow":["GET"]}}],"collection":[{"href":"https:\/\/codexflores.ch\/index.php\/wp-json\/wp\/v2\/posts"}],"about":[{"href":"https:\/\/codexflores.ch\/index.php\/wp-json\/wp\/v2\/types\/post"}],"author":[{"embeddable":true,"href":"https:\/\/codexflores.ch\/index.php\/wp-json\/wp\/v2\/users\/1"}],"replies":[{"embeddable":true,"href":"https:\/\/codexflores.ch\/index.php\/wp-json\/wp\/v2\/comments?post=3279"}],"version-history":[{"count":0,"href":"https:\/\/codexflores.ch\/index.php\/wp-json\/wp\/v2\/posts\/3279\/revisions"}],"wp:attachment":[{"href":"https:\/\/codexflores.ch\/index.php\/wp-json\/wp\/v2\/media?parent=3279"}],"wp:term":[{"taxonomy":"category","embeddable":true,"href":"https:\/\/codexflores.ch\/index.php\/wp-json\/wp\/v2\/categories?post=3279"},{"taxonomy":"post_tag","embeddable":true,"href":"https:\/\/codexflores.ch\/index.php\/wp-json\/wp\/v2\/tags?post=3279"}],"curies":[{"name":"wp","href":"https:\/\/api.w.org\/{rel}","templated":true}]}}