{"id":328,"date":"2014-01-11T08:04:22","date_gmt":"2014-01-11T08:04:22","guid":{"rendered":"https:\/\/codexflores.ch\/index.php\/2014\/01\/11\/welche-lieder-gehoeren-verboten\/"},"modified":"2014-01-11T08:04:22","modified_gmt":"2014-01-11T08:04:22","slug":"welche-lieder-gehoeren-verboten","status":"publish","type":"post","link":"https:\/\/codexflores.ch\/index.php\/2014\/01\/11\/welche-lieder-gehoeren-verboten\/","title":{"rendered":"Welche Lieder geh\u00f6ren verboten?"},"content":{"rendered":"<p><center><em>Von Wolfgang B\u00f6hler<\/em><\/center> <\/p>\n<p><span class=\"txt-m-black\"><span class=\"txt-m-black\">\u00a0<\/span><\/span><\/p>\n<table align=\"left\">\n<tbody>\n<tr>\n<td width=\"70\"><img decoding=\"async\" src=\"http:\/\/212.60.37.143\/bilder\/kolumnewb.jpg\" border=\"0\" \/><\/td>\n<\/tr>\n<\/tbody>\n<\/table>\n<p><span class=\"txt-m-black\">16.12.2005 &#8212; Der Freispruch f\u00fcr die franz\u00f6sischen Rapper, die in einem Liedtext zur \u00abAusl\u00f6schung von Minister und Faschos\u00bb aufrufen (<a href=\"http:\/\/212.60.37.143\/nachrichten_ind2.php?art=1951\">siehe Nachricht<\/a>), und die Verurteilung des brasilianischen S\u00e4ngers Tiririca wegen der Benutzung eines Schimpfwortes mit rassistischem Unterton (<a href=\"http:\/\/212.60.37.143\/nachrichten_ind2.php?art=1953\">siehe Nachricht<\/a>) erfolgen rein zuf\u00e4lligerweise zeitgleich. Die beiden F\u00e4lle illustrieren auf unterschiedliche Art, wie heikel und komplex das Feld ist. Die Schwierigkeiten ergeben sich, weil poetische Texte nicht eindeutige Aussagen sind \u2013 in diesem Fall w\u00e4ren die Urteile schnell und problemlos gef\u00e4llt \u2013, sondern bewusst mit den unterschiedlichsten Bedeutungsebenen spielen. Wenn man \u00abAufrufe zur Gewalt\u00bb einfach so als Strafbestand identifizeren k\u00f6nnte, dann m\u00fcsste man auch das Alte Testament verbieten, denn da liest man zum Beispiel in den Psalmen \u00abMit Gott werden wir Grosses vollbringen; er selbst wird unsere Feinde zertreten!\u00bb Und wenn man rassistische \u00c4usserungen einfach so als Strafbestand klassifizieren w\u00fcrde, w\u00e4re die \u00fcberw\u00e4ltigende Mehrheit der Bev\u00f6lkerung st\u00e4ndig hinter schwedischen Gardinen.<\/p>\n<p> Eine Grenze wird \u00fcberschritten, wenn zur Gewalt gegen eine identifizierbare Person aufgerufen wird. So etwas gilt es in jedem Fall \u2013 auch gerichtlich \u2013 zu unterbinden. Hingegen eher populistisch und zynisch mutet es an, wenn einige franz\u00f6sische Politiker den zugegebenermassen nicht gerade sanft anmutenden Rundumschlag sozial benachteiligter Jugendlicher gerichtlich unterdr\u00fccken m\u00f6chten. Da ist es wohltuend, dass die Gerichte des Landes sich in der Sache professioneller verhalten. Ob sogenannte \u00abAufrufe zur Gewalt\u00bb in Rap-Texten wirklich Gewalt erzeugen, ist ja auch mehr als fraglich. Genauso kann man daf\u00fcr argumentieren, dass der kommerzielle Erfolg der Schnellsprecher die Jungen dazu motiviert, in ihrem eigenen Leben professionelle Attit\u00fcden einzu\u00fcben, weil ihnen dies offenbar eine materielle Perspektive und Wege zum Erfolg \u00f6ffnen kann. Professionelle Musikproduktion ist wie Spitzensport ein Motivator daf\u00fcr, sich gesellschaftlichen Leistungsforderungen zu unterwerfen, egal ob es sich um Beethoven-Streichquartette oder Rap-Produktionen handelt. <\/p>\n<p> Etwas anders gelagert ist der Fall des S\u00e4ngers Tiririca. Er kolportiert eine (nicht nur) in Brasilien verbreitete Art des Redens, in der anz\u00fcgliche Anlehnungen an Rassenklischees allgegenw\u00e4rtig sind. In eine \u00e4hnliche Richtung ging der Fall, den die Schweizer Politik vor einigen Monaten besch\u00e4ftigt hat, als eine Partei den Wahlspruch \u00abWir Schweizer sind [in Europa] immer mehr die Neger\u00bb kreierte, schliesslich aber \u2013 nicht ohne zu murren \u2013 von einer Benutzung absah. <\/p>\n<p> Im Privaten politisch unkorrekte Spr\u00fcche klopfen ist unfein, aber es darf kein Strafbestand sein. Wenn einer im privaten Kreis einen dummen Spruch fallen l\u00e4sst, dann \u00fcberschreitet er bewusst eine Grenze und zelebriert seine pers\u00f6nliche Form der kleinb\u00fcrgerlichen Anarchie, um sich von irgendwelchen Fesseln befreit zu f\u00fchlen. Wenn er das n\u00f6tig hat, was soll\u2019s&#8230; Es charakterisiert den seit Jahrtausenden gepflegten psychohygienischen Brauch des Fluchens, und der ist so wenig ausrottbar wie das \u00e4lteste Gewerbe der Welt. Dabei <em>muss<\/em> ein Tabu verletzt werden, sonst funktioniert das Ganze nicht. <\/p>\n<p> Derartige Geschmacklosigkeiten \u00f6ffentlich zu kolportieren, ist hingegen absolut inakzeptabel, weil alle die Relativierungen einer privaten \u00c4usserung wegfallen. Wenn dumme Spr\u00fcche von Personen des \u00f6ffentlichen Lebens in der \u00d6ffentlichkeit gemacht werden, haben sie automatisch den Geruch einer kalkulierten und damit scharfmacherischen Strategie, selbst wenn es sich dabei nur um gedankenloses und anbiederndes Nachbeten privater Stillosigkeiten handelt. <\/span> <span class=\"txt-m-black\">(<em>wb<\/em>)<\/span><\/p>\n<p> <center> <\/p>\n<table style=\"width: 420px;\" summary=\"linie\" border=\"0\" cellspacing=\"0\" cellpadding=\"0\">\n<tbody>\n<tr>\n<td colspan=\"9\" bgcolor=\"#666666\" height=\"1\"><img loading=\"lazy\" decoding=\"async\" src=\"http:\/\/212.60.37.143\/grafiken\/dbrown1x1.gif\" border=\"0\" width=\"1\" height=\"1\" \/><\/td>\n<\/tr>\n<\/tbody>\n<\/table>\n<p> <\/center> <\/p>\n<p><span class=\"txt-s-black\">Der Wissenschaftstheoretiker und Musikpublizist Wolfgang B\u00f6hler ist Produzent von Worldmusic- und Kammerjazz-Projekten und Chefredaktor des Codex flores Onlinemagazins<\/span><\/p>\n","protected":false},"excerpt":{"rendered":"<p>Von Wolfgang B\u00f6hler \u00a0 16.12.2005 &#8212; Der Freispruch f\u00fcr die franz\u00f6sischen Rapper, die in einem Liedtext zur \u00abAusl\u00f6schung von Minister&#8230;<\/p>\n","protected":false},"author":1,"featured_media":0,"comment_status":"open","ping_status":"open","sticky":false,"template":"","format":"standard","meta":{"footnotes":""},"categories":[5],"tags":[],"class_list":["post-328","post","type-post","status-publish","format-standard","hentry","category-editorials","entry"],"_links":{"self":[{"href":"https:\/\/codexflores.ch\/index.php\/wp-json\/wp\/v2\/posts\/328","targetHints":{"allow":["GET"]}}],"collection":[{"href":"https:\/\/codexflores.ch\/index.php\/wp-json\/wp\/v2\/posts"}],"about":[{"href":"https:\/\/codexflores.ch\/index.php\/wp-json\/wp\/v2\/types\/post"}],"author":[{"embeddable":true,"href":"https:\/\/codexflores.ch\/index.php\/wp-json\/wp\/v2\/users\/1"}],"replies":[{"embeddable":true,"href":"https:\/\/codexflores.ch\/index.php\/wp-json\/wp\/v2\/comments?post=328"}],"version-history":[{"count":0,"href":"https:\/\/codexflores.ch\/index.php\/wp-json\/wp\/v2\/posts\/328\/revisions"}],"wp:attachment":[{"href":"https:\/\/codexflores.ch\/index.php\/wp-json\/wp\/v2\/media?parent=328"}],"wp:term":[{"taxonomy":"category","embeddable":true,"href":"https:\/\/codexflores.ch\/index.php\/wp-json\/wp\/v2\/categories?post=328"},{"taxonomy":"post_tag","embeddable":true,"href":"https:\/\/codexflores.ch\/index.php\/wp-json\/wp\/v2\/tags?post=328"}],"curies":[{"name":"wp","href":"https:\/\/api.w.org\/{rel}","templated":true}]}}