{"id":3281,"date":"2017-07-12T07:22:25","date_gmt":"2017-07-12T07:22:25","guid":{"rendered":"https:\/\/codexflores.ch\/index.php\/2017\/07\/12\/150-psalmen-in-vertonungen-von-150-komponisten\/"},"modified":"2017-07-12T07:22:25","modified_gmt":"2017-07-12T07:22:25","slug":"150-psalmen-in-vertonungen-von-150-komponisten","status":"publish","type":"post","link":"https:\/\/codexflores.ch\/index.php\/2017\/07\/12\/150-psalmen-in-vertonungen-von-150-komponisten\/","title":{"rendered":"150 Psalmen in Vertonungen von 150 Komponisten"},"content":{"rendered":"<p><span style=\"font-family: arial,helvetica,sans-serif; font-size: small;\">12.07.2017 &#8212; Der Niederl\u00e4ndische Kammerchor feiert sein 80-Jahre-Jubil\u00e4um mit dem Projekt \u00ab150 Psalmen\u00bb. Am ersten Septemberwochenende werden beim Festival f\u00fcr Alte Musik Utrecht alle 150 Psalmen in Vertonungen von 150 Komponisten aufgef\u00fchrt und 1000 Jahre Musikgeschichte abgedeckt.<\/span><\/p>\n<p><span style=\"font-family: arial,helvetica,sans-serif; font-size: small;\"><strong>12.07.2017 &#8212; Der Niederl\u00e4ndische Kammerchor feiert sein 80-jahre-Jubil\u00e4um mit dem Projekt \u00ab150 Psalmen\u00bb. Am ersten Septemberwochenende werden beim Festival f\u00fcr Alte Musik Utrecht alle 150 Psalmen in Vertonungen von 150 Komponisten aufgef\u00fchrt und 1000 Jahre Musikgeschichte abgedeckt.<\/strong><\/span><\/p>\n<p><span style=\"font-family: arial,helvetica,sans-serif; font-size: small;\">\u00a0<\/span><\/p>\n<p><span style=\"font-family: arial,helvetica,sans-serif; font-size: small;\">F\u00fcr die insgesamt zw\u00f6lf Konzerte haben das Ensemble und sein Chefdirigent Peter Dijkstra drei weitere Ch\u00f6re eingeladen: The Tallis Scholars aus Grossbritannien, Det Norske Solistkor aus Norwegen und den US-amerikanischen Choir of Trinity Wall Street.<\/span><\/p>\n<p><span style=\"font-family: arial,helvetica,sans-serif; font-size: small;\">\u00a0<\/span><\/p>\n<p><span style=\"font-family: arial,helvetica,sans-serif; font-size: small;\">Jeder der 150 Psalmen erklingt in einer Vertonung eines anderen Komponisten \u2013 von Josquin Desprez \u00fcber Schumann bis hin zu zeitgen\u00f6ssischen Komponisten aus aller Welt, bei denen das jeweilige St\u00fcck f\u00fcr das Jubil\u00e4um des Niederl\u00e4ndischen Kammerchors in Auftrag gegeben worden ist. Das Projekt wird nach der Premiere in Utrecht im November beim White Light Festival of Lincoln Center in New York aufgef\u00fchrt sowie im M\u00e4rz 2018 beim Klarafestival in Br\u00fcssel. <em>(cf)<\/em>\u00a0<\/span><\/p>\n<p><span style=\"font-family: arial,helvetica,sans-serif; font-size: small;\"><strong>Mehr Infos:<\/strong> <a href=\"http:\/\/www.150psalms.com\" target=\"_blank\" rel=\"noopener noreferrer\">www.150psalms.com<\/a><\/span><\/p>\n<p>\u00a0<\/p>\n","protected":false},"excerpt":{"rendered":"<p><span style=\"font-family: arial,helvetica,sans-serif; font-size: small;\">12.07.2017 &#8212; Der Niederl\u00e4ndische Kammerchor feiert sein 80-Jahre-Jubil\u00e4um mit dem Projekt \u00ab150 Psalmen\u00bb. Am ersten Septemberwochenende werden beim Festival f\u00fcr Alte Musik Utrecht alle 150 Psalmen in Vertonungen von 150 Komponisten aufgef\u00fchrt und 1000 Jahre Musikgeschichte abgedeckt.<\/span><\/p>\n","protected":false},"author":1,"featured_media":0,"comment_status":"open","ping_status":"open","sticky":false,"template":"","format":"standard","meta":{"footnotes":""},"categories":[2],"tags":[],"class_list":["post-3281","post","type-post","status-publish","format-standard","hentry","category-nachrichten","entry"],"_links":{"self":[{"href":"https:\/\/codexflores.ch\/index.php\/wp-json\/wp\/v2\/posts\/3281","targetHints":{"allow":["GET"]}}],"collection":[{"href":"https:\/\/codexflores.ch\/index.php\/wp-json\/wp\/v2\/posts"}],"about":[{"href":"https:\/\/codexflores.ch\/index.php\/wp-json\/wp\/v2\/types\/post"}],"author":[{"embeddable":true,"href":"https:\/\/codexflores.ch\/index.php\/wp-json\/wp\/v2\/users\/1"}],"replies":[{"embeddable":true,"href":"https:\/\/codexflores.ch\/index.php\/wp-json\/wp\/v2\/comments?post=3281"}],"version-history":[{"count":0,"href":"https:\/\/codexflores.ch\/index.php\/wp-json\/wp\/v2\/posts\/3281\/revisions"}],"wp:attachment":[{"href":"https:\/\/codexflores.ch\/index.php\/wp-json\/wp\/v2\/media?parent=3281"}],"wp:term":[{"taxonomy":"category","embeddable":true,"href":"https:\/\/codexflores.ch\/index.php\/wp-json\/wp\/v2\/categories?post=3281"},{"taxonomy":"post_tag","embeddable":true,"href":"https:\/\/codexflores.ch\/index.php\/wp-json\/wp\/v2\/tags?post=3281"}],"curies":[{"name":"wp","href":"https:\/\/api.w.org\/{rel}","templated":true}]}}