{"id":3282,"date":"2017-07-12T08:37:28","date_gmt":"2017-07-12T08:37:28","guid":{"rendered":"https:\/\/codexflores.ch\/index.php\/2017\/07\/12\/rihm-muss-teilnahme-an-festival-europaeische-kirchenmusik-absagen\/"},"modified":"2017-07-12T08:37:28","modified_gmt":"2017-07-12T08:37:28","slug":"rihm-muss-teilnahme-an-festival-europaeische-kirchenmusik-absagen","status":"publish","type":"post","link":"https:\/\/codexflores.ch\/index.php\/2017\/07\/12\/rihm-muss-teilnahme-an-festival-europaeische-kirchenmusik-absagen\/","title":{"rendered":"Rihm muss Teilnahme am Festival Europ\u00e4ische Kirchenmusik absagen"},"content":{"rendered":"<p><span style=\"font-family: arial,helvetica,sans-serif; font-size: small;\">12.07.2017 &#8212; Wie das Kulturb\u00fcro Schw\u00e4bisch Gm\u00fcnd mitteilt, hat Wolfgang Rihm aufgrund einer schweren Erkrankung kurzfristig seinen Besuch beim Festival Europ\u00e4ische Kirchenmusik Schw\u00e4bisch Gm\u00fcnd abgesagt.<\/span><\/p>\n<p><span style=\"font-family: arial,helvetica,sans-serif; font-size: small;\"><strong>12.07.2017 &#8212; Wie das Kulturb\u00fcro Schw\u00e4bisch Gm\u00fcnd mitteilt, hat Wolfgang Rihm aufgrund einer schweren Erkrankung kurzfristig seinen Besuch beim Festival Europ\u00e4ische Kirchenmusik Schw\u00e4bisch Gm\u00fcnd abgesagt.<\/strong><\/span><\/p>\n<p><span style=\"font-family: arial,helvetica,sans-serif; font-size: small;\">\u00a0<\/span><\/p>\n<p><span style=\"font-family: arial,helvetica,sans-serif; font-size: small;\">Rihm, der auch als k\u00fcnstlerischer Leiter der von Pierre Boulez gegr\u00fcndeten Lucerne Festival Academy amtet, kann auch als Preistr\u00e4ger 2017 des Kirchenmusik-Festivals nicht pers\u00f6nlich anwesend sein. Die Stadt Schw\u00e4bisch Gm\u00fcnd ehrt ihn mit der Auszeichnung \u00abf\u00fcr seine grossen Verdienste um die Komposition und Lehre zeitgen\u00f6ssischer Musik sowie f\u00fcr sein besonderes Schaffen im Horizont Geistlicher Musik\u00bb. <\/span><\/p>\n<p>\u00a0<\/p>\n<p><span style=\"font-family: arial,helvetica,sans-serif; font-size: small;\">Sein Aufgreifen spiritueller Texte verbinde Wort und Ton zu einer \u00fcberzeugenden Einheit, die stets den Menschen im Blick habe, wesentliche Fragen reflektiere und emotional ergreife, schreibt die Stadt weiter. <em>(cf)<\/em><\/span><\/p>\n<p>\u00a0<\/p>\n","protected":false},"excerpt":{"rendered":"<p><span style=\"font-family: arial,helvetica,sans-serif; font-size: small;\">12.07.2017 &#8212; Wie das Kulturb\u00fcro Schw\u00e4bisch Gm\u00fcnd mitteilt, hat Wolfgang Rihm aufgrund einer schweren Erkrankung kurzfristig seinen Besuch beim Festival Europ\u00e4ische Kirchenmusik Schw\u00e4bisch Gm\u00fcnd abgesagt.<\/span><\/p>\n","protected":false},"author":1,"featured_media":0,"comment_status":"open","ping_status":"open","sticky":false,"template":"","format":"standard","meta":{"footnotes":""},"categories":[2],"tags":[],"class_list":["post-3282","post","type-post","status-publish","format-standard","hentry","category-nachrichten","entry"],"_links":{"self":[{"href":"https:\/\/codexflores.ch\/index.php\/wp-json\/wp\/v2\/posts\/3282","targetHints":{"allow":["GET"]}}],"collection":[{"href":"https:\/\/codexflores.ch\/index.php\/wp-json\/wp\/v2\/posts"}],"about":[{"href":"https:\/\/codexflores.ch\/index.php\/wp-json\/wp\/v2\/types\/post"}],"author":[{"embeddable":true,"href":"https:\/\/codexflores.ch\/index.php\/wp-json\/wp\/v2\/users\/1"}],"replies":[{"embeddable":true,"href":"https:\/\/codexflores.ch\/index.php\/wp-json\/wp\/v2\/comments?post=3282"}],"version-history":[{"count":0,"href":"https:\/\/codexflores.ch\/index.php\/wp-json\/wp\/v2\/posts\/3282\/revisions"}],"wp:attachment":[{"href":"https:\/\/codexflores.ch\/index.php\/wp-json\/wp\/v2\/media?parent=3282"}],"wp:term":[{"taxonomy":"category","embeddable":true,"href":"https:\/\/codexflores.ch\/index.php\/wp-json\/wp\/v2\/categories?post=3282"},{"taxonomy":"post_tag","embeddable":true,"href":"https:\/\/codexflores.ch\/index.php\/wp-json\/wp\/v2\/tags?post=3282"}],"curies":[{"name":"wp","href":"https:\/\/api.w.org\/{rel}","templated":true}]}}