{"id":3284,"date":"2017-07-12T14:52:48","date_gmt":"2017-07-12T14:52:48","guid":{"rendered":"https:\/\/codexflores.ch\/index.php\/2017\/07\/12\/auftragswerk-der-argovia-philharmonic-an-wayne-shorter\/"},"modified":"2017-07-12T14:52:48","modified_gmt":"2017-07-12T14:52:48","slug":"auftragswerk-der-argovia-philharmonic-an-wayne-shorter","status":"publish","type":"post","link":"https:\/\/codexflores.ch\/index.php\/2017\/07\/12\/auftragswerk-der-argovia-philharmonic-an-wayne-shorter\/","title":{"rendered":"Auftragswerk der argovia philharmonic an Wayne Shorter"},"content":{"rendered":"<p><span style=\"font-family: arial,helvetica,sans-serif; font-size: small;\">12.07.2017 &#8212; Der Jazzsaxophonist Wayne Shorter hat erstmals ein Konzert f\u00fcr Klarinette und Orchester komponiert \u2013 im Auftrag der argovia philharmonic und des Klarinettisten Julian Bliss. Die Urauff\u00fchrung wird im September 2017 in Aarau stattfinden.<\/span><\/p>\n<p><span style=\"font-family: arial,helvetica,sans-serif; font-size: small;\"><strong>12.07.2017 &#8212; Der Jazzsaxophonist Wayne Shorter hat erstmals ein Konzert f\u00fcr Klarinette und Orchester komponiert \u2013 im Auftrag der argovia philharmonic und des Klarinettisten Julian Bliss. Die Urauff\u00fchrung wird im September 2017 in Aarau stattfinden.<\/strong><\/span><\/p>\n<p><span style=\"font-family: arial,helvetica,sans-serif; font-size: small;\">\u00a0<\/span><\/p>\n<p><span style=\"font-family: arial,helvetica,sans-serif; font-size: small;\">Wayne Shorter stand mit Miles Davis, Herbie Hancock, Ron Carter und vielen mehr auf der B\u00fchne. Er ist Mitgr\u00fcnder der Weather Report, einer der erfolgreichsten Jazz-Rock-Gruppen \u00fcberhaupt.\u00a0<\/span><\/p>\n<p>\u00a0<\/p>\n<p><span style=\"font-family: arial,helvetica,sans-serif; font-size: small;\"> Neben einer weiteren Auff\u00fchrung in Aarau am 19. September erklingt das Konzert auch in Baden am 22. September. Julian Bliss tritt pers\u00f6nlich als Solist auf. Zu diesem geschichtstr\u00e4chtigen Moment bildet eine epische und zu ihrer Zeit revolution\u00e4re Symphonie das Pendant: Beethovens Symphonie Nr. 3 Es-Dur op. 55 \u00abEroica\u00bb, dazu auch eine zeitgen\u00f6ssische Schweizer Komposition: Martin Jaggis \u00abGirga\u00bb. <em>(cf)<\/em><\/span><\/p>\n<p>\u00a0<\/p>\n","protected":false},"excerpt":{"rendered":"<p><span style=\"font-family: arial,helvetica,sans-serif; font-size: small;\">12.07.2017 &#8212; Der Jazzsaxophonist Wayne Shorter hat erstmals ein Konzert f\u00fcr Klarinette und Orchester komponiert \u2013 im Auftrag der argovia philharmonic und des Klarinettisten Julian Bliss. Die Urauff\u00fchrung wird im September 2017 in Aarau stattfinden.<\/span><\/p>\n","protected":false},"author":1,"featured_media":0,"comment_status":"open","ping_status":"open","sticky":false,"template":"","format":"standard","meta":{"footnotes":""},"categories":[2],"tags":[],"class_list":["post-3284","post","type-post","status-publish","format-standard","hentry","category-nachrichten","entry"],"_links":{"self":[{"href":"https:\/\/codexflores.ch\/index.php\/wp-json\/wp\/v2\/posts\/3284","targetHints":{"allow":["GET"]}}],"collection":[{"href":"https:\/\/codexflores.ch\/index.php\/wp-json\/wp\/v2\/posts"}],"about":[{"href":"https:\/\/codexflores.ch\/index.php\/wp-json\/wp\/v2\/types\/post"}],"author":[{"embeddable":true,"href":"https:\/\/codexflores.ch\/index.php\/wp-json\/wp\/v2\/users\/1"}],"replies":[{"embeddable":true,"href":"https:\/\/codexflores.ch\/index.php\/wp-json\/wp\/v2\/comments?post=3284"}],"version-history":[{"count":0,"href":"https:\/\/codexflores.ch\/index.php\/wp-json\/wp\/v2\/posts\/3284\/revisions"}],"wp:attachment":[{"href":"https:\/\/codexflores.ch\/index.php\/wp-json\/wp\/v2\/media?parent=3284"}],"wp:term":[{"taxonomy":"category","embeddable":true,"href":"https:\/\/codexflores.ch\/index.php\/wp-json\/wp\/v2\/categories?post=3284"},{"taxonomy":"post_tag","embeddable":true,"href":"https:\/\/codexflores.ch\/index.php\/wp-json\/wp\/v2\/tags?post=3284"}],"curies":[{"name":"wp","href":"https:\/\/api.w.org\/{rel}","templated":true}]}}