{"id":3287,"date":"2017-07-20T11:37:20","date_gmt":"2017-07-20T11:37:20","guid":{"rendered":"https:\/\/codexflores.ch\/index.php\/2017\/07\/20\/bilanz-der-filarmonica-joven-de-colombia-in-europa\/"},"modified":"2017-07-20T11:37:20","modified_gmt":"2017-07-20T11:37:20","slug":"bilanz-der-filarmonica-joven-de-colombia-in-europa","status":"publish","type":"post","link":"https:\/\/codexflores.ch\/index.php\/2017\/07\/20\/bilanz-der-filarmonica-joven-de-colombia-in-europa\/","title":{"rendered":"Bilanz der Filarm\u00f3nica Joven de Colombia in Europa"},"content":{"rendered":"<p style=\"text-align: left;\"><span style=\"font-family: arial,helvetica,sans-serif; font-size: small;\">20.07.2017 &#8212; Mehr als 10&#8217;000 H\u00f6rerinnen und H\u00f6rer z\u00e4hlten die 103 Nachwuchsmusiker der Filarm\u00f3nica Joven de Colombia, die unter Leitung von Andr\u00e9s Orozco-Estrada im Juni und Juli in Konzerts\u00e4len und Festivals von Mecklenburg-Vorpommern bis Graz ihr Europadeb\u00fct absolvierten.<\/span><\/p>\n<p style=\"text-align: left;\"><span style=\"font-family: arial,helvetica,sans-serif; font-size: small;\"><strong>20.07.2017 &#8212; Mehr als 10&#8217;000 H\u00f6rerinnen und H\u00f6rer z\u00e4hlten die 103 Nachwuchsmusiker der Filarm\u00f3nica Joven de Colombia, die unter Leitung von Andr\u00e9s Orozco-Estrada im Juni und Juli in Konzerts\u00e4len und Festivals von Mecklenburg-Vorpommern bis Graz ihr Europadeb\u00fct absolvierten.<\/strong><\/span><\/p>\n<p style=\"text-align: left;\"><span style=\"font-family: arial,helvetica,sans-serif; font-size: small;\">\u00a0<\/span><\/p>\n<p style=\"text-align: left;\"><span style=\"font-family: arial,helvetica,sans-serif; font-size: small;\">Die Stiftung Fundaci\u00f3n Bol\u00edvar Davivienda, die das Orchester 2010 aus der Taufe gehoben hat und seitdem finanziert, zeigt sich mit dem Erfolg zufrieden. F\u00fcr Anfang 2019 ist die n\u00e4chste Europatournee des Ensembles in Vorbereitung.<\/span><\/p>\n<p style=\"text-align: left;\"><span style=\"font-family: arial,helvetica,sans-serif; font-size: small;\">\u00a0<\/span><\/p>\n<p style=\"text-align: left;\"><span style=\"font-family: arial,helvetica,sans-serif; font-size: small;\">Das Jugendorchester w\u00e4hlt seine rund 100 Mitglieder in einem strengen Auswahlverfahren durch eine internationale Jury aus. Regelm\u00e4ssig stehen Workshops mit Profimusikern namhafter Orchester an der Tagesordnung, darunter die Wiener Philharmoniker, das Mahler Chamber Orchestra oder in diesem Jahr das hr-Sinfonieorchester Frankfurt. Andr\u00e9s Orozco-Estrada, musikalischer Leiter der Europatournee, stammt aus Kolumbien. <em>(cf)\u00a0<\/em><\/span> <\/p>\n<p style=\"text-align: left;\">\u00a0<\/p>\n","protected":false},"excerpt":{"rendered":"<p style=\"text-align: left;\"><span style=\"font-family: arial,helvetica,sans-serif; font-size: small;\">20.07.2017 &#8212; Mehr als 10&#8217;000 H\u00f6rerinnen und H\u00f6rer z\u00e4hlten die 103 Nachwuchsmusiker der Filarm\u00f3nica Joven de Colombia, die unter Leitung von Andr\u00e9s Orozco-Estrada im Juni und Juli in Konzerts\u00e4len und Festivals von Mecklenburg-Vorpommern bis Graz ihr Europadeb\u00fct absolvierten.<\/span><\/p>\n","protected":false},"author":1,"featured_media":0,"comment_status":"open","ping_status":"open","sticky":false,"template":"","format":"standard","meta":{"footnotes":""},"categories":[2],"tags":[],"class_list":["post-3287","post","type-post","status-publish","format-standard","hentry","category-nachrichten","entry"],"_links":{"self":[{"href":"https:\/\/codexflores.ch\/index.php\/wp-json\/wp\/v2\/posts\/3287","targetHints":{"allow":["GET"]}}],"collection":[{"href":"https:\/\/codexflores.ch\/index.php\/wp-json\/wp\/v2\/posts"}],"about":[{"href":"https:\/\/codexflores.ch\/index.php\/wp-json\/wp\/v2\/types\/post"}],"author":[{"embeddable":true,"href":"https:\/\/codexflores.ch\/index.php\/wp-json\/wp\/v2\/users\/1"}],"replies":[{"embeddable":true,"href":"https:\/\/codexflores.ch\/index.php\/wp-json\/wp\/v2\/comments?post=3287"}],"version-history":[{"count":0,"href":"https:\/\/codexflores.ch\/index.php\/wp-json\/wp\/v2\/posts\/3287\/revisions"}],"wp:attachment":[{"href":"https:\/\/codexflores.ch\/index.php\/wp-json\/wp\/v2\/media?parent=3287"}],"wp:term":[{"taxonomy":"category","embeddable":true,"href":"https:\/\/codexflores.ch\/index.php\/wp-json\/wp\/v2\/categories?post=3287"},{"taxonomy":"post_tag","embeddable":true,"href":"https:\/\/codexflores.ch\/index.php\/wp-json\/wp\/v2\/tags?post=3287"}],"curies":[{"name":"wp","href":"https:\/\/api.w.org\/{rel}","templated":true}]}}