{"id":3288,"date":"2017-07-21T10:40:31","date_gmt":"2017-07-21T10:40:31","guid":{"rendered":"https:\/\/codexflores.ch\/index.php\/2017\/07\/21\/aus-fuer-festival-klangwerkstatt-berlin\/"},"modified":"2017-07-21T10:40:31","modified_gmt":"2017-07-21T10:40:31","slug":"aus-fuer-festival-klangwerkstatt-berlin","status":"publish","type":"post","link":"https:\/\/codexflores.ch\/index.php\/2017\/07\/21\/aus-fuer-festival-klangwerkstatt-berlin\/","title":{"rendered":"Aus f\u00fcr Festival Klangwerkstatt Berlin?"},"content":{"rendered":"<p><span style=\"font-family: arial,helvetica,sans-serif; font-size: small;\">21.07.2017 &#8212; Das traditionsreiche und hoch angesehene Festival Klangwerkstatt Berlin kann zum ersten Mal seit 28 Jahren nicht stattfinden, weil Antr\u00e4ge auf Projektf\u00f6rderung abgelehnt wurden. Die Deutsche Orchestervereinigung (DOV) ist alarmiert.<\/span><\/p>\n<p><span style=\"font-family: arial,helvetica,sans-serif; font-size: small;\"><strong>21.07.2017 &#8212; Das traditionsreiche und hoch angesehene Festival Klangwerkstatt Berlin kann zum ersten Mal seit 28 Jahren nicht stattfinden, weil Antr\u00e4ge auf Projektf\u00f6rderung abgelehnt wurden. Die Deutsche Orchestervereinigung (DOV) ist alarmiert.<\/strong><\/span><\/p>\n<p><span style=\"font-family: arial,helvetica,sans-serif; font-size: small;\">\u00a0<\/span><\/p>\n<p><span style=\"font-family: arial,helvetica,sans-serif; font-size: small;\">Die Klangwerkstatt findet jedes Jahr im November statt. Es ist laut DOV das \u00e4lteste durchg\u00e4ngig existierende Festival f\u00fcr Neue Musik in Berlin. Die Schwerpunkte liegen auf der Vermittlung Neuer Musik im Kinder- und Jugendbereich sowie auf der Auff\u00fchrung wichtiger Werke und der Durchf\u00fchrung vielversprechender Experimente. <\/span><\/p>\n<p>\u00a0<\/p>\n<p><span style=\"font-family: arial,helvetica,sans-serif; font-size: small;\">Dabei arbeiten professionelle Ensembles und Komponisten mit Kinder- und Jugendensembles zusammen. Das Festival vergibt auch Kompositionsauftr\u00e4ge. Damit hat es vielen heute bekannten Komponisten die erste M\u00f6glichkeit geboten, ihre Werke aufzuf\u00fchren.<\/span><\/p>\n<p>\u00a0<\/p>\n<p><span style=\"font-family: arial,helvetica,sans-serif; font-size: small;\">Seit ihrem Bestehen 1989 finanziert sich die Klangwerkstatt \u00fcber Projektf\u00f6rderung, die von den Tr\u00e4gern maximal drei Jahre gew\u00e4hrt wird. Planungssicherheit ist damit unm\u00f6glich. Gleichzeitig ist die Finanzierung in der Regel sechs Monate vor Beginn des Festivals noch unklar. Der notwendige Planungsvorlauf liegt aber bei ein bis zwei Jahren. <em>(cf)<\/em> <\/span><\/p>\n<p><span style=\"font-family: arial,helvetica,sans-serif; font-size: small;\">\u00a0<\/span><\/p>\n","protected":false},"excerpt":{"rendered":"<p><span style=\"font-family: arial,helvetica,sans-serif; font-size: small;\">21.07.2017 &#8212; Das traditionsreiche und hoch angesehene Festival Klangwerkstatt Berlin kann zum ersten Mal seit 28 Jahren nicht stattfinden, weil Antr\u00e4ge auf Projektf\u00f6rderung abgelehnt wurden. Die Deutsche Orchestervereinigung (DOV) ist alarmiert.<\/span><\/p>\n","protected":false},"author":1,"featured_media":0,"comment_status":"open","ping_status":"open","sticky":false,"template":"","format":"standard","meta":{"footnotes":""},"categories":[2],"tags":[],"class_list":["post-3288","post","type-post","status-publish","format-standard","hentry","category-nachrichten","entry"],"_links":{"self":[{"href":"https:\/\/codexflores.ch\/index.php\/wp-json\/wp\/v2\/posts\/3288","targetHints":{"allow":["GET"]}}],"collection":[{"href":"https:\/\/codexflores.ch\/index.php\/wp-json\/wp\/v2\/posts"}],"about":[{"href":"https:\/\/codexflores.ch\/index.php\/wp-json\/wp\/v2\/types\/post"}],"author":[{"embeddable":true,"href":"https:\/\/codexflores.ch\/index.php\/wp-json\/wp\/v2\/users\/1"}],"replies":[{"embeddable":true,"href":"https:\/\/codexflores.ch\/index.php\/wp-json\/wp\/v2\/comments?post=3288"}],"version-history":[{"count":0,"href":"https:\/\/codexflores.ch\/index.php\/wp-json\/wp\/v2\/posts\/3288\/revisions"}],"wp:attachment":[{"href":"https:\/\/codexflores.ch\/index.php\/wp-json\/wp\/v2\/media?parent=3288"}],"wp:term":[{"taxonomy":"category","embeddable":true,"href":"https:\/\/codexflores.ch\/index.php\/wp-json\/wp\/v2\/categories?post=3288"},{"taxonomy":"post_tag","embeddable":true,"href":"https:\/\/codexflores.ch\/index.php\/wp-json\/wp\/v2\/tags?post=3288"}],"curies":[{"name":"wp","href":"https:\/\/api.w.org\/{rel}","templated":true}]}}