{"id":329,"date":"2014-01-11T08:04:58","date_gmt":"2014-01-11T08:04:58","guid":{"rendered":"https:\/\/codexflores.ch\/index.php\/2014\/01\/11\/2006-das-mozartjahr\/"},"modified":"2014-01-11T08:04:58","modified_gmt":"2014-01-11T08:04:58","slug":"2006-das-mozartjahr","status":"publish","type":"post","link":"https:\/\/codexflores.ch\/index.php\/2014\/01\/11\/2006-das-mozartjahr\/","title":{"rendered":"2006 \u2013 das Mozartjahr"},"content":{"rendered":"<p><center><em>Von Wolfgang B\u00f6hler<\/em><\/center> <\/p>\n<p><span class=\"txt-m-black\"><span class=\"txt-m-black\">\u00a0<\/span><\/span><\/p>\n<table align=\"left\">\n<tbody>\n<tr>\n<td width=\"70\"><img decoding=\"async\" src=\"http:\/\/212.60.37.143\/bilder\/kolumnewb.jpg\" border=\"0\" \/><\/td>\n<\/tr>\n<\/tbody>\n<\/table>\n<p><span class=\"txt-m-black\">01.01.2006 &#8212; Wie wird sich das Musikleben im neuen Jahr entwickeln? Es beginnt mit einer massiven medialen Mozart-\u00dcberdosis, die kurzfristig denkende Marketingverantwortliche von Konzert- und Opernh\u00e4usern (und damit praktisch alle) dazu bringen wird, kurzfristig weitere (nicht allzu lange) Mozartwerke ins Programm aufzunehmen. Ab Fr\u00fchling werden die meisten reisenden Virtuosen auf einer Sonderklausel in ihren Vertr\u00e4gen bestehen, nach der sie eine Garantie bekommen, keine Mozartkonzerte oder Mozartmedleys und Mozartzugaben und auch keine Mozartbearbeitungen mehr zum Besten geben zu m\u00fcssen. Im Fr\u00fchling werden die Mitglieder eines renommierten internationalen Sinfonieorchesters in Salzburg ihre Stimmausz\u00fcge der Jupitersinfonie \u00f6ffentlich verbrennen und damit zahlreiche \u00e4hnliche Aktionen rund um den Globus inspirieren. <\/p>\n<p> Angesichts der bedrohlich werdenden internationalen Mozart-Aversion \u00f6ffnet Wolfgang Wagner im Fr\u00fchsommer in einem k\u00fchnen Spontanentscheid kurzfristig das Bayreuther Festspielhaus erstmals in seiner Geschichte f\u00fcr eine Mozartoper. Nach R\u00fccksprache mit der Buchhaltung entscheidet man sich f\u00fcr die \u00abZauberfl\u00f6te\u00bb, weil man aus Spargr\u00fcnden die B\u00fchnenbilder der laufenden \u00abSiegfried\u00bb-Produktion recyceln kann, dabei den Drachen in eine Schlange umdeutet und den Siegfried-Darsteller \u2013 der ja nach seiner Keilerei mit dem Fabelwesen die Sprache der V\u00f6gel versteht (\u00abHoho! Hoho! Hahei!\u00bb), sowohl als Tamino wie auch als Papageno einsetzen kann. <\/p>\n<p> Nachdem Wolfgang Wagner sich weigert, die Regie wiederum Christoph Schlingensief zu \u00fcbergeben, ertr\u00e4nkt sich dieser im Wolfgangsee. <\/p>\n<p> Aus dem Tirol wird massive Kritik an der ungen\u00fcgenden Belieferung aus Salzburg mit Mozartkugeln und Mozartw\u00fcrsten ge\u00fcbt. Der Engpass wird als gezielte Intrige des Nachbarlandes gedeutet. Aus diesem Grund bittet die Salzburger Landeshauptfrau Gabi Burgstaller im Herbst in der Steiermark, die sich f\u00fcr 2006 zur mozartfreien Zone erkl\u00e4rt hat, kurzfristig um politisches Asyl. <\/p>\n<p> Der \u00abS\u00fcddeutschen\u00bb liegt ab Sommer jeden Tag ein Band der Mozartbriefe als \u00ablimitierte Sonderedition f\u00fcr Abonnenten\u00bb bei \u2013 jeweils garniert mit einer von Joachim Kaiser empfohlenen Gesamtaufnahme von Mozarts Klaviersonaten, aus Kostengr\u00fcnden von usbekischen und tadschikistanischen Nachwuchspianistinnen, worauf eine Reportage im \u00abStern\u00bb aufgrund von Stiluntersuchungen aufdeckt, dass es sich bei den Briefen h\u00f6chstwahrscheinlich um eine F\u00e4lschung aus der Feder Utta Danellas handelt. Nachdem auch die B\u00e4sle-Briefe den Weg zu den Lesern gefunden haben (in neuer Rechtschreibung), erreichen katholisch-konservative Kreise aus Augsburg eine einstweilige Verf\u00fcgung gegen das Blatt, das allsogleich Konkurs anmeldet und von Sat1 zum Schn\u00e4ppchenpreis \u00fcbernommen wird.<\/p>\n<p> Unterdessen laufen, initiiert von den Buchhaltungsabteilungen der Opernh\u00e4user und von der \u00d6ffentlichkeit weitgehend unbeachtet, die weltweiten Vorbereitungen f\u00fcr die Feierlichkeiten zum 250. Geburtstag von Christian Ludwig Dietter (1757-1822) im Jahr 2007. Der hat auch Opern geschrieben, mit Titeln wie \u00abDer Rekrutenaushub\u00bb oder \u00abGl\u00fccklich zusammengelogen\u00bb. Daf\u00fcr kann man die B\u00fchnenbilder getrost aus den \u00dcberresten der Requisiten zu \u00abDon Giovanni\u00bb und \u00abFigaros Hochzeit\u00bb zusammenstiefeln. Zu mehr wird das Budget auch nicht mehr reichen, wenn f\u00fcr die zahllosen Mozart-Produktionen von 2006 auch noch das Geld f\u00fcr 2007 durchgebracht ist. <\/span> <span class=\"txt-m-black\">(<em>wb<\/em>)<\/span><\/p>\n<p> <center> <\/p>\n<table style=\"width: 420px;\" summary=\"linie\" border=\"0\" cellspacing=\"0\" cellpadding=\"0\">\n<tbody>\n<tr>\n<td colspan=\"9\" bgcolor=\"#666666\" height=\"1\"><img loading=\"lazy\" decoding=\"async\" src=\"http:\/\/212.60.37.143\/grafiken\/dbrown1x1.gif\" border=\"0\" width=\"1\" height=\"1\" \/><\/td>\n<\/tr>\n<\/tbody>\n<\/table>\n<p> <\/center> <\/p>\n<p><span class=\"txt-s-black\">Der Wissenschaftstheoretiker und Musikpublizist Wolfgang B\u00f6hler ist Produzent von Worldmusic- und Kammerjazz-Projekten und Chefredaktor des Codex flores Onlinemagazins<\/span><\/p>\n","protected":false},"excerpt":{"rendered":"<p>Von Wolfgang B\u00f6hler \u00a0 01.01.2006 &#8212; Wie wird sich das Musikleben im neuen Jahr entwickeln? Es beginnt mit einer massiven&#8230;<\/p>\n","protected":false},"author":1,"featured_media":0,"comment_status":"open","ping_status":"open","sticky":false,"template":"","format":"standard","meta":{"footnotes":""},"categories":[5],"tags":[],"class_list":["post-329","post","type-post","status-publish","format-standard","hentry","category-editorials","entry"],"_links":{"self":[{"href":"https:\/\/codexflores.ch\/index.php\/wp-json\/wp\/v2\/posts\/329","targetHints":{"allow":["GET"]}}],"collection":[{"href":"https:\/\/codexflores.ch\/index.php\/wp-json\/wp\/v2\/posts"}],"about":[{"href":"https:\/\/codexflores.ch\/index.php\/wp-json\/wp\/v2\/types\/post"}],"author":[{"embeddable":true,"href":"https:\/\/codexflores.ch\/index.php\/wp-json\/wp\/v2\/users\/1"}],"replies":[{"embeddable":true,"href":"https:\/\/codexflores.ch\/index.php\/wp-json\/wp\/v2\/comments?post=329"}],"version-history":[{"count":0,"href":"https:\/\/codexflores.ch\/index.php\/wp-json\/wp\/v2\/posts\/329\/revisions"}],"wp:attachment":[{"href":"https:\/\/codexflores.ch\/index.php\/wp-json\/wp\/v2\/media?parent=329"}],"wp:term":[{"taxonomy":"category","embeddable":true,"href":"https:\/\/codexflores.ch\/index.php\/wp-json\/wp\/v2\/categories?post=329"},{"taxonomy":"post_tag","embeddable":true,"href":"https:\/\/codexflores.ch\/index.php\/wp-json\/wp\/v2\/tags?post=329"}],"curies":[{"name":"wp","href":"https:\/\/api.w.org\/{rel}","templated":true}]}}