{"id":3292,"date":"2017-07-28T11:34:11","date_gmt":"2017-07-28T11:34:11","guid":{"rendered":"https:\/\/codexflores.ch\/index.php\/2017\/07\/28\/zuercher-sing-akademie-reist-nach-china\/"},"modified":"2017-07-28T11:34:11","modified_gmt":"2017-07-28T11:34:11","slug":"zuercher-sing-akademie-reist-nach-china","status":"publish","type":"post","link":"https:\/\/codexflores.ch\/index.php\/2017\/07\/28\/zuercher-sing-akademie-reist-nach-china\/","title":{"rendered":"Z\u00fcrcher Sing-Akademie reist nach China"},"content":{"rendered":"<p><span style=\"font-family: arial,helvetica,sans-serif; font-size: small;\">28.07.2017 &#8212; Die Z\u00fcrcher Sing-Akademie bereitet sich auf eine Tournee nach Asien vor. Vom 30. Juli bis 3. August ist der professionelle Chor beim Taipei International Choral Festival zu Gast. Danach besucht er die Partnerstadt Z\u00fcrichs in der Provinz Yunnan, Kunming.<\/span><\/p>\n<p><span style=\"font-family: arial,helvetica,sans-serif; font-size: small;\"><strong>28.07.2017 &#8212; Die Z\u00fcrcher Sing-Akademie bereitet sich auf eine Tournee nach Asien vor. Vom 30. Juli bis 3. August ist der professionelle Chor beim Taipei International Choral Festival zu Gast. Danach besucht er die Partnerstadt Z\u00fcrichs in der Provinz Yunnan, Kunming.<\/strong><\/span><\/p>\n<p><span style=\"font-family: arial,helvetica,sans-serif; font-size: small;\">\u00a0<\/span><\/p>\n<p><span style=\"font-family: arial,helvetica,sans-serif; font-size: small;\">Die Z\u00fcrcher Sing-Akademie wird auf der Asientournee zum ersten Mal von ihrem neuen k\u00fcnstlerischen Leiter Florian Helgath dirigiert. Im Gep\u00e4ck hat der Chor unter anderem die Auftragskomposition \u00abEs flieht der Sunneschtrau\u00bb des Komponisten Kurt Widorski aus Langnau im Emmental. Es handelt sich um eine komponierte Interpretation dreier Volkslieder (Vor Chummer, Cuc\u00f9 und Lueget!) f\u00fcr achtstimmigen gemischten Chor.<\/span><\/p>\n<p>\u00a0<\/p>\n<p><span style=\"font-family: arial,helvetica,sans-serif; font-size: small;\">Das Programm der Tournee beinhaltet weitere Werke Schweizer Komponisten, etwa die doppelch\u00f6rige Messe von Frank Martin und Kompositionen von Ivo Antognini und Carl R\u00fctti. Ansonsten stehen Werke von Brahms und Bach\/Nystedt auf dem Repertoire. <\/span><\/p>\n<p>\u00a0<\/p>\n<p><span style=\"font-family: arial,helvetica,sans-serif; font-size: small;\">Die Z\u00fcrcher Sing-Akademie arbeitet in der Saison 2017\/18 \u00fcberdies mit drei neuen Orchestern: Mit der Hofkapelle M\u00fcnchen, dem Freiburger Barockorchester und dem Luzerner Sinfonieorchester. <em>(cf)<\/em><\/span><\/p>\n<p><span style=\"font-family: arial,helvetica,sans-serif; font-size: small;\">\u00a0<\/span><\/p>\n","protected":false},"excerpt":{"rendered":"<p><span style=\"font-family: arial,helvetica,sans-serif; font-size: small;\">28.07.2017 &#8212; Die Z\u00fcrcher Sing-Akademie bereitet sich auf eine Tournee nach Asien vor. Vom 30. Juli bis 3. August ist der professionelle Chor beim Taipei International Choral Festival zu Gast. Danach besucht er die Partnerstadt Z\u00fcrichs in der Provinz Yunnan, Kunming.<\/span><\/p>\n","protected":false},"author":1,"featured_media":0,"comment_status":"open","ping_status":"open","sticky":false,"template":"","format":"standard","meta":{"footnotes":""},"categories":[2],"tags":[],"class_list":["post-3292","post","type-post","status-publish","format-standard","hentry","category-nachrichten","entry"],"_links":{"self":[{"href":"https:\/\/codexflores.ch\/index.php\/wp-json\/wp\/v2\/posts\/3292","targetHints":{"allow":["GET"]}}],"collection":[{"href":"https:\/\/codexflores.ch\/index.php\/wp-json\/wp\/v2\/posts"}],"about":[{"href":"https:\/\/codexflores.ch\/index.php\/wp-json\/wp\/v2\/types\/post"}],"author":[{"embeddable":true,"href":"https:\/\/codexflores.ch\/index.php\/wp-json\/wp\/v2\/users\/1"}],"replies":[{"embeddable":true,"href":"https:\/\/codexflores.ch\/index.php\/wp-json\/wp\/v2\/comments?post=3292"}],"version-history":[{"count":0,"href":"https:\/\/codexflores.ch\/index.php\/wp-json\/wp\/v2\/posts\/3292\/revisions"}],"wp:attachment":[{"href":"https:\/\/codexflores.ch\/index.php\/wp-json\/wp\/v2\/media?parent=3292"}],"wp:term":[{"taxonomy":"category","embeddable":true,"href":"https:\/\/codexflores.ch\/index.php\/wp-json\/wp\/v2\/categories?post=3292"},{"taxonomy":"post_tag","embeddable":true,"href":"https:\/\/codexflores.ch\/index.php\/wp-json\/wp\/v2\/tags?post=3292"}],"curies":[{"name":"wp","href":"https:\/\/api.w.org\/{rel}","templated":true}]}}