{"id":3295,"date":"2017-08-07T11:47:10","date_gmt":"2017-08-07T11:47:10","guid":{"rendered":"https:\/\/codexflores.ch\/index.php\/2017\/08\/07\/bilanz-des-verbier-festivals-2017\/"},"modified":"2017-08-07T11:47:10","modified_gmt":"2017-08-07T11:47:10","slug":"bilanz-des-verbier-festivals-2017","status":"publish","type":"post","link":"https:\/\/codexflores.ch\/index.php\/2017\/08\/07\/bilanz-des-verbier-festivals-2017\/","title":{"rendered":"Bilanz des Verbier Festivals 2017"},"content":{"rendered":"<p><span style=\"font-family: arial,helvetica,sans-serif; font-size: small;\">07.08.2017 &#8212; Zur 24. Ausgabe des Verbier Festival haben am Wochenende die letzten Veranstaltungen stattgefunden. Insgesamt gab es 57 Konzerte und 200 Off-Festival-Anl\u00e4sse. Die Zahl der Eintritte stieg im Vergleich zum Vorjahr um 5 Prozent.<\/span><\/p>\n<p><span style=\"font-family: arial,helvetica,sans-serif; font-size: small;\"><strong>07.08.2017 &#8212; Zur 24. Ausgabe des Verbier Festival haben am Wochenende die letzten Veranstaltungen stattgefunden. Insgesamt gab es 57 Konzerte und 200 Off-Festival-Anl\u00e4sse. <span style=\"font-family: arial,helvetica,sans-serif; font-size: small;\">Die Zahl der Eintritte stieg im Vergleich zum Vorjahr um 5 Prozent.<\/span><br \/><\/strong><\/span><\/p>\n<p><span style=\"font-family: arial,helvetica,sans-serif; font-size: small;\">\u00a0<\/span><\/p>\n<p><span style=\"font-family: arial,helvetica,sans-serif; font-size: small;\">Insgesamt generierte das Festival laut Mitteilung der Veranstalter rund 45&#8217;000 Eintritte. Betreut wurden sie unter anderem von 97 Freiwilligen aus 14 L\u00e4ndern im Alter von 16 bis 84 Jahren. Zehn Prozent der Besucher seien zum ersten Mal am Festival gewesen.<\/span><\/p>\n<p><span style=\"font-family: arial,helvetica,sans-serif; font-size: small;\">\u00a0<\/span><\/p>\n<p><span style=\"font-family: arial,helvetica,sans-serif; font-size: small;\">Die drei festivaleigenen Orchester z\u00e4hlten 97 Mitglieder aus 22 L\u00e4ndern (Verbier Festival Ochestra), 60 Mitglieder (Verbier Festival Chamber Orchestra) und 57 Nachwuchskr\u00e4fte im Alter von 15 bis 18 Jahren (Verbier Festival Junior Orchestra).\u00a0<\/span><\/p>\n<p><span style=\"font-family: arial,helvetica,sans-serif; font-size: small;\">\u00a0<\/span><\/p>\n<p><span style=\"font-family: arial,helvetica,sans-serif; font-size: small;\">Zu den H\u00f6hepunkten des Festivals geh\u00f6rten unter anderem eine von Charles Dutoit dirigierte <em>Salom\u00e9, <\/em> <em>Elektra<\/em> unter der Stabf\u00fchrung von Esa -Pekka Salonen, zwei Konzerte des Pianisten Evgeny Kissin sowie Auftritte von Renaud Capu\u00e7on, Grigory Sokolov, Nikola\u00ef Lugansky, Yefim Bronfman, Yuja Wang und dem Quatuor Ebene.<em> (cf)<\/em><\/span><\/p>\n<p>\u00a0<\/p>\n","protected":false},"excerpt":{"rendered":"<p><span style=\"font-family: arial,helvetica,sans-serif; font-size: small;\">07.08.2017 &#8212; Zur 24. Ausgabe des Verbier Festival haben am Wochenende die letzten Veranstaltungen stattgefunden. Insgesamt gab es 57 Konzerte und 200 Off-Festival-Anl\u00e4sse. Die Zahl der Eintritte stieg im Vergleich zum Vorjahr um 5 Prozent.<\/span><\/p>\n","protected":false},"author":1,"featured_media":0,"comment_status":"open","ping_status":"open","sticky":false,"template":"","format":"standard","meta":{"footnotes":""},"categories":[2],"tags":[],"class_list":["post-3295","post","type-post","status-publish","format-standard","hentry","category-nachrichten","entry"],"_links":{"self":[{"href":"https:\/\/codexflores.ch\/index.php\/wp-json\/wp\/v2\/posts\/3295","targetHints":{"allow":["GET"]}}],"collection":[{"href":"https:\/\/codexflores.ch\/index.php\/wp-json\/wp\/v2\/posts"}],"about":[{"href":"https:\/\/codexflores.ch\/index.php\/wp-json\/wp\/v2\/types\/post"}],"author":[{"embeddable":true,"href":"https:\/\/codexflores.ch\/index.php\/wp-json\/wp\/v2\/users\/1"}],"replies":[{"embeddable":true,"href":"https:\/\/codexflores.ch\/index.php\/wp-json\/wp\/v2\/comments?post=3295"}],"version-history":[{"count":0,"href":"https:\/\/codexflores.ch\/index.php\/wp-json\/wp\/v2\/posts\/3295\/revisions"}],"wp:attachment":[{"href":"https:\/\/codexflores.ch\/index.php\/wp-json\/wp\/v2\/media?parent=3295"}],"wp:term":[{"taxonomy":"category","embeddable":true,"href":"https:\/\/codexflores.ch\/index.php\/wp-json\/wp\/v2\/categories?post=3295"},{"taxonomy":"post_tag","embeddable":true,"href":"https:\/\/codexflores.ch\/index.php\/wp-json\/wp\/v2\/tags?post=3295"}],"curies":[{"name":"wp","href":"https:\/\/api.w.org\/{rel}","templated":true}]}}