{"id":3297,"date":"2017-08-17T10:23:55","date_gmt":"2017-08-17T10:23:55","guid":{"rendered":"https:\/\/codexflores.ch\/index.php\/2017\/08\/17\/erster-achava-jazz-award-geht-an-duo-fractal-limit\/"},"modified":"2017-08-17T10:23:55","modified_gmt":"2017-08-17T10:23:55","slug":"erster-achava-jazz-award-geht-an-duo-fractal-limit","status":"publish","type":"post","link":"https:\/\/codexflores.ch\/index.php\/2017\/08\/17\/erster-achava-jazz-award-geht-an-duo-fractal-limit\/","title":{"rendered":"Erster Achava Jazz Award geht an Duo Fractal Limit"},"content":{"rendered":"<p><span style=\"font-family: arial,helvetica,sans-serif; font-size: small;\">17.08.2017 &#8212; In Erfurt wird der erste Achava Jazz Award verliehen. Er ist mit 10&#8217;000 Euro dotiert und zeichnet \u00abein herausragendes Band-Projekt aus, das den transkulturellen Charakter des Jazz ins Zentrum seines Schaffens stellt\u00bb.<\/span><\/p>\n<p><span style=\"font-family: arial,helvetica,sans-serif; font-size: small;\"><strong>17.08.2017 &#8212; In Erfurt wird der erste Achava Jazz Award verliehen. Er ist mit 10&#8217;000 Euro dotiert und zeichnet \u00abein herausragendes Band-Projekt aus, das den transkulturellen Charakter des Jazz ins Zentrum seines Schaffens stellt\u00bb.<\/strong><\/span><\/p>\n<p><span style=\"font-family: arial,helvetica,sans-serif; font-size: small;\">\u00a0<\/span><\/p>\n<p><span style=\"font-family: arial,helvetica,sans-serif; font-size: small;\">Audgezeichnet werden Projekte, die \u00abauf h\u00f6chstem ku\u0308nstlerischen Niveau\u00bb die improvisatorischen oder kompositorischen Ausdrucksmittel des Jazz beispielsweise mit Volksmusik, popul\u00e4rer Musik oder europ\u00e4ischer Kunstmusik vermischen. Erster Preistr\u00e4ger ist das brasilianisch-armenische Duo Fractal Limit mit Tatiana Parra und Vardan Ovsepian.<\/span><\/p>\n<p><span style=\"font-family: arial,helvetica,sans-serif; font-size: small;\">\u00a0<\/span><\/p>\n<p><span style=\"font-family: arial,helvetica,sans-serif; font-size: small;\">Die Jury des Preises besteht aus insgesamt 15 Mitgliedern, wobei fu\u0308nf Fachleute einer sogenannten Hauptjury und weitere zehn einer erweiterten Jury angeh\u00f6ren. Sie kommen aus unterschiedlichen Musikbereichen wie Jazz, Weltmusik, popul\u00e4rer oder europ\u00e4ischer Kunstmusik.<\/span><\/p>\n<p><span style=\"font-family: arial,helvetica,sans-serif; font-size: small;\">\u00a0<\/span><\/p>\n<p><span style=\"font-family: arial,helvetica,sans-serif; font-size: small;\">Mitglieder der Hauptjury sind Omer Klein (Kurator 2017, Warner Recording Artist und Steinway Artist), Manfred Bru\u0308ndl (K\u00fcnstlerischer Leiter des Awards, Hochschule fu\u0308r Musik Franz Liszt Weimar), Peter Schulze (k\u00fcnstlerischer Leiter von jazzahead sowie Sendesaal Bremen), Ralf Dombrowski (freier Musikjournalist, Su\u0308ddeutsche Zeitung) und Martin Pfleiderer (Hochschule fu\u0308r Musik Franz Liszt Weimar).<\/span><\/p>\n<p><span style=\"font-family: arial,helvetica,sans-serif; font-size: small;\">\u00a0<\/span><\/p>\n<p><span style=\"font-family: arial,helvetica,sans-serif; font-size: small;\"><strong>Mehr Infos:<\/strong> <a href=\"http:\/\/www.achava-festspiele.de\">www.achava-festspiele.de<\/a><\/span><\/p>\n","protected":false},"excerpt":{"rendered":"<p><span style=\"font-family: arial,helvetica,sans-serif; font-size: small;\">17.08.2017 &#8212; In Erfurt wird der erste Achava Jazz Award verliehen. Er ist mit 10&#8217;000 Euro dotiert und zeichnet \u00abein herausragendes Band-Projekt aus, das den transkulturellen Charakter des Jazz ins Zentrum seines Schaffens stellt\u00bb.<\/span><\/p>\n","protected":false},"author":1,"featured_media":0,"comment_status":"open","ping_status":"open","sticky":false,"template":"","format":"standard","meta":{"footnotes":""},"categories":[2],"tags":[],"class_list":["post-3297","post","type-post","status-publish","format-standard","hentry","category-nachrichten","entry"],"_links":{"self":[{"href":"https:\/\/codexflores.ch\/index.php\/wp-json\/wp\/v2\/posts\/3297","targetHints":{"allow":["GET"]}}],"collection":[{"href":"https:\/\/codexflores.ch\/index.php\/wp-json\/wp\/v2\/posts"}],"about":[{"href":"https:\/\/codexflores.ch\/index.php\/wp-json\/wp\/v2\/types\/post"}],"author":[{"embeddable":true,"href":"https:\/\/codexflores.ch\/index.php\/wp-json\/wp\/v2\/users\/1"}],"replies":[{"embeddable":true,"href":"https:\/\/codexflores.ch\/index.php\/wp-json\/wp\/v2\/comments?post=3297"}],"version-history":[{"count":0,"href":"https:\/\/codexflores.ch\/index.php\/wp-json\/wp\/v2\/posts\/3297\/revisions"}],"wp:attachment":[{"href":"https:\/\/codexflores.ch\/index.php\/wp-json\/wp\/v2\/media?parent=3297"}],"wp:term":[{"taxonomy":"category","embeddable":true,"href":"https:\/\/codexflores.ch\/index.php\/wp-json\/wp\/v2\/categories?post=3297"},{"taxonomy":"post_tag","embeddable":true,"href":"https:\/\/codexflores.ch\/index.php\/wp-json\/wp\/v2\/tags?post=3297"}],"curies":[{"name":"wp","href":"https:\/\/api.w.org\/{rel}","templated":true}]}}