{"id":3299,"date":"2017-08-22T06:12:30","date_gmt":"2017-08-22T06:12:30","guid":{"rendered":"https:\/\/codexflores.ch\/index.php\/2017\/08\/22\/tinnitus-beendet-berufsmusikerkarriere\/"},"modified":"2017-08-22T06:12:30","modified_gmt":"2017-08-22T06:12:30","slug":"tinnitus-beendet-berufsmusikerkarriere","status":"publish","type":"post","link":"https:\/\/codexflores.ch\/index.php\/2017\/08\/22\/tinnitus-beendet-berufsmusikerkarriere\/","title":{"rendered":"Tinnitus beendet Berufsmusikerkarriere"},"content":{"rendered":"<p><span style=\"font-family: arial,helvetica,sans-serif; font-size: small;\">22.08.2017 &#8212; In ungew\u00f6hnlicher Offenheit kommuniziert das Ensemble Tritonus \u00fcber das Karrierende seines Mitglieds Andreas Amb\u00fchl \u2013 wegen eines unertr\u00e4glich gewordenen Tinnitus.<\/span><\/p>\n<p><span style=\"font-family: arial,helvetica,sans-serif; font-size: small;\"><strong>22.08.2017 &#8212; In ungew\u00f6hnlicher Offenheit kommuniziert das Ensemble Tritonus \u00fcber das Karrierende seines Mitglieds Andreas Amb\u00fchl \u2013 wegen eines unertr\u00e4glich gewordenen Tinnitus.<\/strong><\/span><\/p>\n<p><span style=\"font-family: arial,helvetica,sans-serif; font-size: small;\">\u00a0<\/span><\/p>\n<p><span style=\"font-family: arial,helvetica,sans-serif; font-size: small;\">Der Saxofon-, Bassklarinette- und Chalumeauspieler leide seit l\u00e4ngerem an einem starken Tinnitus, der in letzter Zeit bei Konzerten leider fast unertr\u00e4glich geworden sei, schreibt das Ensemble. Nach vielen Untersuchungen und einem Kuraufenthalt h\u00e4tten ihm die \u00c4rzte empfohlen, k\u00fcnftig keine Blasinstrumente mehr zu spielen, da sonst sein Geh\u00f6r zu stark belastet und der Tinnitus sich noch weiter verschlimmern werde.<\/span><\/p>\n<p>\u00a0<\/p>\n<p><span style=\"font-family: arial,helvetica,sans-serif; font-size: small;\">Der Befund bedeute f\u00fcr Amb\u00fchl das vorl\u00e4ufige Ende seiner Berufsmusikerkarriere und die Mitwirkung in all seinen Bands, auch bei Tritonus. Er werde auf eigenen Wunsch mit Tritonus noch ein letztes Konzert spielen &#8211; am 2. September um 10.15 Uhr \u00aburbanus &#8211; Alte Volksmusik aus Schweizer St\u00e4dten\u00bb im Lesesaal der Musikabteilung der Z\u00fcrcher Zentralbibliothek. <em>(cf)<\/em><\/span><\/p>\n","protected":false},"excerpt":{"rendered":"<p><span style=\"font-family: arial,helvetica,sans-serif; font-size: small;\">22.08.2017 &#8212; In ungew\u00f6hnlicher Offenheit kommuniziert das Ensemble Tritonus \u00fcber das Karrierende seines Mitglieds Andreas Amb\u00fchl \u2013 wegen eines unertr\u00e4glich gewordenen Tinnitus.<\/span><\/p>\n","protected":false},"author":1,"featured_media":0,"comment_status":"open","ping_status":"open","sticky":false,"template":"","format":"standard","meta":{"footnotes":""},"categories":[2],"tags":[],"class_list":["post-3299","post","type-post","status-publish","format-standard","hentry","category-nachrichten","entry"],"_links":{"self":[{"href":"https:\/\/codexflores.ch\/index.php\/wp-json\/wp\/v2\/posts\/3299","targetHints":{"allow":["GET"]}}],"collection":[{"href":"https:\/\/codexflores.ch\/index.php\/wp-json\/wp\/v2\/posts"}],"about":[{"href":"https:\/\/codexflores.ch\/index.php\/wp-json\/wp\/v2\/types\/post"}],"author":[{"embeddable":true,"href":"https:\/\/codexflores.ch\/index.php\/wp-json\/wp\/v2\/users\/1"}],"replies":[{"embeddable":true,"href":"https:\/\/codexflores.ch\/index.php\/wp-json\/wp\/v2\/comments?post=3299"}],"version-history":[{"count":0,"href":"https:\/\/codexflores.ch\/index.php\/wp-json\/wp\/v2\/posts\/3299\/revisions"}],"wp:attachment":[{"href":"https:\/\/codexflores.ch\/index.php\/wp-json\/wp\/v2\/media?parent=3299"}],"wp:term":[{"taxonomy":"category","embeddable":true,"href":"https:\/\/codexflores.ch\/index.php\/wp-json\/wp\/v2\/categories?post=3299"},{"taxonomy":"post_tag","embeddable":true,"href":"https:\/\/codexflores.ch\/index.php\/wp-json\/wp\/v2\/tags?post=3299"}],"curies":[{"name":"wp","href":"https:\/\/api.w.org\/{rel}","templated":true}]}}