{"id":3304,"date":"2017-08-28T05:51:39","date_gmt":"2017-08-28T05:51:39","guid":{"rendered":"https:\/\/codexflores.ch\/index.php\/2017\/08\/28\/preis-fuer-projekte-zur-sensibilisierung-fuer-die-akustische-umwelt\/"},"modified":"2017-08-28T05:51:39","modified_gmt":"2017-08-28T05:51:39","slug":"preis-fuer-projekte-zur-sensibilisierung-fuer-die-akustische-umwelt","status":"publish","type":"post","link":"https:\/\/codexflores.ch\/index.php\/2017\/08\/28\/preis-fuer-projekte-zur-sensibilisierung-fuer-die-akustische-umwelt\/","title":{"rendered":"Preis f\u00fcr Projekte zur Sensibilisierung f\u00fcr die akustische Umwelt"},"content":{"rendered":"<p><span style=\"font-family: arial,helvetica,sans-serif; font-size: small;\">28.08.2017 &#8212; Der Prix Giuseppe Englert, ein \u00abBeitrag f\u00fcr Projekte zur Sensibilisierung und Verbesserung der Qualit\u00e4t unserer akustischen Umwelt\u00bb geht dieses Jahr an Nicole Graber und Frank Pecquet.<\/span><\/p>\n<p><span style=\"font-family: arial,helvetica,sans-serif; font-size: small;\"><strong>28.08.2017 &#8212; Der Prix Giuseppe Englert, ein \u00abBeitrag f\u00fcr Projekte zur Sensibilisierung und Verbesserung der Qualit\u00e4t unserer akustischen Umwelt\u00bb geht dieses Jahr an Nicole Graber und Frank Pecquet.<\/strong><\/span><\/p>\n<p><span style=\"font-family: arial,helvetica,sans-serif; font-size: small;\">\u00a0<\/span><\/p>\n<p><span style=\"font-family: arial,helvetica,sans-serif; font-size: small;\">Der Preis in der H\u00f6he von 5000 Franken wird seit 2011 j\u00e4hrlich in Erinnerung an den Schweizer Komponisten und Pionier der elektroakustischen Musik Giuseppe Englert (1927-2007) vergeben. Heuer ist er zum Auftakt der Rencontres Architecture Musique Ecologie (R.A.M.E.) auf Schloss Leuk dem Gemeinschaftsprojekt \u00abPhonotopie du sol: Dynamique de la topographie sur l&#8217;acoustique du lieu\u00bb von Nicole Graber (Hintermann &amp; Weber Lausanne) und Frank Pecquet (Sorbonne Paris) zuerkannt worden.<\/span><\/p>\n<p>\u00a0<\/p>\n<p><span style=\"font-family: arial,helvetica,sans-serif; font-size: small;\"> Die Jury setzte sich zusammen aus Jean-Marie Rapin, Guillaume Billaux, Sara Maino, alle drei f\u00fcr die R.A.M.E., sowie Javier Hagen f\u00fcr die IGNM-VS, die Ortsgruppe Wallis der Internationalen Gesellschaft f\u00fcr Neue Musik, welche in Leuk als Gastgeberin f\u00fcr die Preis\u00fcbergabe und die R.A.M.E. waltet.<\/span><\/p>\n<p>\u00a0<\/p>\n<p><span style=\"font-family: arial,helvetica,sans-serif; font-size: small;\"> Die Rencontres Architecture Musique Ecologie R.A.M.E. vereinigen eine internationale Gruppe von Architekten, Urbanisten, Akustikern, Philosophen, Komponisten, Musikwissenschaftler und Musiker f\u00fcr Vortr\u00e4ge, Diskussionen, Performances und Exkursionen zu aktuellen Fragen der Umweltakustik.<em> (cf)<\/em><\/span><\/p>\n","protected":false},"excerpt":{"rendered":"<p><span style=\"font-family: arial,helvetica,sans-serif; font-size: small;\">28.08.2017 &#8212; Der Prix Giuseppe Englert, ein \u00abBeitrag f\u00fcr Projekte zur Sensibilisierung und Verbesserung der Qualit\u00e4t unserer akustischen Umwelt\u00bb geht dieses Jahr an Nicole Graber und Frank Pecquet.<\/span><\/p>\n","protected":false},"author":1,"featured_media":0,"comment_status":"open","ping_status":"open","sticky":false,"template":"","format":"standard","meta":{"footnotes":""},"categories":[2],"tags":[],"class_list":["post-3304","post","type-post","status-publish","format-standard","hentry","category-nachrichten","entry"],"_links":{"self":[{"href":"https:\/\/codexflores.ch\/index.php\/wp-json\/wp\/v2\/posts\/3304","targetHints":{"allow":["GET"]}}],"collection":[{"href":"https:\/\/codexflores.ch\/index.php\/wp-json\/wp\/v2\/posts"}],"about":[{"href":"https:\/\/codexflores.ch\/index.php\/wp-json\/wp\/v2\/types\/post"}],"author":[{"embeddable":true,"href":"https:\/\/codexflores.ch\/index.php\/wp-json\/wp\/v2\/users\/1"}],"replies":[{"embeddable":true,"href":"https:\/\/codexflores.ch\/index.php\/wp-json\/wp\/v2\/comments?post=3304"}],"version-history":[{"count":0,"href":"https:\/\/codexflores.ch\/index.php\/wp-json\/wp\/v2\/posts\/3304\/revisions"}],"wp:attachment":[{"href":"https:\/\/codexflores.ch\/index.php\/wp-json\/wp\/v2\/media?parent=3304"}],"wp:term":[{"taxonomy":"category","embeddable":true,"href":"https:\/\/codexflores.ch\/index.php\/wp-json\/wp\/v2\/categories?post=3304"},{"taxonomy":"post_tag","embeddable":true,"href":"https:\/\/codexflores.ch\/index.php\/wp-json\/wp\/v2\/tags?post=3304"}],"curies":[{"name":"wp","href":"https:\/\/api.w.org\/{rel}","templated":true}]}}