{"id":3314,"date":"2017-09-08T09:12:19","date_gmt":"2017-09-08T09:12:19","guid":{"rendered":"https:\/\/codexflores.ch\/index.php\/2017\/09\/08\/lucerne-festival-verlaengert-vertrag-mit-haefliger\/"},"modified":"2017-09-08T09:12:19","modified_gmt":"2017-09-08T09:12:19","slug":"lucerne-festival-verlaengert-vertrag-mit-haefliger","status":"publish","type":"post","link":"https:\/\/codexflores.ch\/index.php\/2017\/09\/08\/lucerne-festival-verlaengert-vertrag-mit-haefliger\/","title":{"rendered":"Lucerne Festival verl\u00e4ngert Vertrag mit H\u00e4fliger"},"content":{"rendered":"<p><span style=\"font-family: arial,helvetica,sans-serif; font-size: small;\">08.09.2017 &#8212; Lucerne Festival verl\u00e4ngert den Vertrag mit seinem Intendanten Michael Haefliger um weitere f\u00fcnf Jahre bis Ende des Jahres 2025. In Angriff nehmen will er nicht zuletzt die Digitalisierung des Festivals.<\/span><\/p>\n<p><span style=\"font-family: arial,helvetica,sans-serif; font-size: small;\"><strong>08.09.2017 &#8212; Lucerne Festival verl\u00e4ngert den Vertrag mit seinem Intendanten Michael Haefliger um weitere f\u00fcnf Jahre, bis Ende des Jahres 2025. In Angriff nehmen will er nicht zuletzt die Digitalisierung des Festivals.<\/strong><\/span><\/p>\n<p><span style=\"font-family: arial,helvetica,sans-serif; font-size: small;\">\u00a0<\/span><\/p>\n<p><span style=\"font-family: arial,helvetica,sans-serif; font-size: small;\">Ein sehr wichtiges Anliegen sei ihm ausserdem, zitiert ihn die Medienmitteilung, mit Partnern wie dem Luzerner Theater den Bereich Musiktheater weiter auszubauen. Vorgesehen sind zudem Weiterentwicklungen des Lucerne Festival Orchestra, der Lucerne Festival Academy, der Alumni sowie des Bereichs Young.<\/span><\/p>\n<p><span style=\"font-family: arial,helvetica,sans-serif; font-size: small;\">\u00a0<\/span><\/p>\n<p><span style=\"font-family: arial,helvetica,sans-serif; font-size: small;\">Das Festivalbudget stieg unter der Leitung von Michael Haefliger seit 1999 von 14 Millionen auf rund 24 Millionen, es ist heute zu 95 Prozent eigenfinanziert. In die Intendantenzeit von H\u00e4fliger fallen die Gr\u00fcndungenen des Lucerne Festival Orchestra mit Claudio Abbado und der Lucerne Festival Academy mit Pierre Boulez. Nach dem Tod von Abbado und Boulez ernannte er 2016 Riccardo Chailly zum neuen Chefdirigenten des Lucerne Festival Orchestra und Wolfgang Rihm zum K\u00fcnstlerischen Leiter sowie Matthias Pintscher zum Principal Conductor der Lucerne Festival Academy.\u00a0<\/span><\/p>\n<p><span style=\"font-family: arial,helvetica,sans-serif; font-size: small;\">\u00a0<\/span><\/p>\n<p><span style=\"font-family: arial,helvetica,sans-serif; font-size: small;\">Die Bilanz von Lucerne Festival im Sommer 2017 z\u00e4hlt 82 Verkaufsveranstaltungen mit 64\u2019600 Eintritten. 20 Veranstaltungen waren laut den Veranstaltern ausverkauft, die 30 Sinfoniekonzerte waren durchschnittlich zu 94 Prozent ausgelastet. Zu den 43 Gratis-Events kamen 14\u2019000 Besucher: Der Erlebnistag verzeichnete insgesamt 4800 Besucher bei den Veranstaltungen im und um das KKL Luzern.<\/span><\/p>\n<p><span style=\"font-family: arial,helvetica,sans-serif; font-size: small;\">\u00a0<\/span><\/p>\n<p><span style=\"font-family: arial,helvetica,sans-serif; font-size: small;\">Zu den 12 Abenden der kostenfreien Reihe \u00ab40min\u00bb kamen dieses Jahr rund 4300 Interessierte, die kostenfreien Veranstaltungen des \u00abInterval\u00bb wie die 14 Encores lockten insgesamt rund 1100 Besucher ins KKL Luzern. Das Er\u00f6ffnungskonzert verfolgten trotz k\u00fchler und nasser Witterung insgesamt ungef\u00e4hr 200 Personen beim Public Viewing auf dem Inseli. Das Festival \u00abIn den Strassen\u00bb war in diesem Sommer mit rund 5200 Personen ausserordentlich gut besucht. <em>(cf)<\/em><\/span><\/p>\n<p>\u00a0<\/p>\n","protected":false},"excerpt":{"rendered":"<p><span style=\"font-family: arial,helvetica,sans-serif; font-size: small;\">08.09.2017 &#8212; Lucerne Festival verl\u00e4ngert den Vertrag mit seinem Intendanten Michael Haefliger um weitere f\u00fcnf Jahre bis Ende des Jahres 2025. In Angriff nehmen will er nicht zuletzt die Digitalisierung des Festivals.<\/span><\/p>\n","protected":false},"author":1,"featured_media":0,"comment_status":"open","ping_status":"open","sticky":false,"template":"","format":"standard","meta":{"footnotes":""},"categories":[2],"tags":[],"class_list":["post-3314","post","type-post","status-publish","format-standard","hentry","category-nachrichten","entry"],"_links":{"self":[{"href":"https:\/\/codexflores.ch\/index.php\/wp-json\/wp\/v2\/posts\/3314","targetHints":{"allow":["GET"]}}],"collection":[{"href":"https:\/\/codexflores.ch\/index.php\/wp-json\/wp\/v2\/posts"}],"about":[{"href":"https:\/\/codexflores.ch\/index.php\/wp-json\/wp\/v2\/types\/post"}],"author":[{"embeddable":true,"href":"https:\/\/codexflores.ch\/index.php\/wp-json\/wp\/v2\/users\/1"}],"replies":[{"embeddable":true,"href":"https:\/\/codexflores.ch\/index.php\/wp-json\/wp\/v2\/comments?post=3314"}],"version-history":[{"count":0,"href":"https:\/\/codexflores.ch\/index.php\/wp-json\/wp\/v2\/posts\/3314\/revisions"}],"wp:attachment":[{"href":"https:\/\/codexflores.ch\/index.php\/wp-json\/wp\/v2\/media?parent=3314"}],"wp:term":[{"taxonomy":"category","embeddable":true,"href":"https:\/\/codexflores.ch\/index.php\/wp-json\/wp\/v2\/categories?post=3314"},{"taxonomy":"post_tag","embeddable":true,"href":"https:\/\/codexflores.ch\/index.php\/wp-json\/wp\/v2\/tags?post=3314"}],"curies":[{"name":"wp","href":"https:\/\/api.w.org\/{rel}","templated":true}]}}