{"id":3315,"date":"2017-09-11T06:10:34","date_gmt":"2017-09-11T06:10:34","guid":{"rendered":"https:\/\/codexflores.ch\/index.php\/2017\/09\/11\/basel-sinfonietta-mit-eigener-tv-plattform\/"},"modified":"2017-09-11T06:10:34","modified_gmt":"2017-09-11T06:10:34","slug":"basel-sinfonietta-mit-eigener-tv-plattform","status":"publish","type":"post","link":"https:\/\/codexflores.ch\/index.php\/2017\/09\/11\/basel-sinfonietta-mit-eigener-tv-plattform\/","title":{"rendered":"Basel Sinfonietta mit eigener TV-Plattform"},"content":{"rendered":"<p><span style=\"font-family: arial,helvetica,sans-serif; font-size: small;\">11.09.2017 &#8212; Die Konzerte der Basel Sinfonietta waren in der ersten Saison unter ihrem Principal Conductor Baldur Br\u00f6nnimann zu 85 Prozent ausgelastet. Das Ensemble verzeichnet zudem vierzig Prozent neue Abonnenten.<\/span><\/p>\n<p><span style=\"font-family: arial,helvetica,sans-serif; font-size: small;\"><strong>11.09.2017 &#8212; Die Konzerte der Basel Sinfonietta waren in der ersten Saison unter ihrem Principal Conductor Baldur Br\u00f6nnimann zu 85 Prozent ausgelastet. Das Ensemble verzeichnet zudem vierzig Prozent neue Abonnenten.<\/strong><\/span><\/p>\n<p><span style=\"font-family: arial,helvetica,sans-serif; font-size: small;\">\u00a0<\/span><\/p>\n<p><span style=\"font-family: arial,helvetica,sans-serif; font-size: small;\">Auf die Saison 2017\/18 hin lanciert die Basel Sinfonietta als erstes Schweizer Orchester zudem eine eigene TV-Plattform. Die Abo-Pl\u00e4tze von zwei der insgesamt sechs Abo-Konzerte Bereits seien vor dem Saisonstart bereit\u00a0 ausverkauft, schreibt das Orchester. Das Abo f\u00fcr alle sechs Abo-Konzerte sei damit nicht mehr verf\u00fcgbar. F\u00fcr die vier verbleibenden Abo-Konzerte, wo noch Pl\u00e4tze verf\u00fcgbar sind, bietet die Basel Sinfonietta als kurzfristige Aktion einen Abotyp zu einem Einsteigerpreis an. <\/span><\/p>\n<p><span style=\"font-family: arial,helvetica,sans-serif; font-size: small;\">\u00a0<\/span><\/p>\n<p><span style=\"font-family: arial,helvetica,sans-serif; font-size: small;\">Die 1980 gegr\u00fcndete Basel Sinfonietta ist ein auf zeitgen\u00f6ssische Musik spezialisiertes Sinfonieorchester mit demokratischer Selbstverwaltung. Der f\u00fcr die strategischen und finanziellen Angelegenheiten des Orchesters verantwortliche Vorstand besteht aus der Violinistin Franziska Mosimann (Pr\u00e4sidentin), der Fl\u00f6tistin Regula Bernath, dem Violinisten Cornelius Bauer und der Cellistin Barbara Weishaupt. <em>(cf)<\/em><\/span><\/p>\n<p>\u00a0<\/p>\n","protected":false},"excerpt":{"rendered":"<p><span style=\"font-family: arial,helvetica,sans-serif; font-size: small;\">11.09.2017 &#8212; Die Konzerte der Basel Sinfonietta waren in der ersten Saison unter ihrem Principal Conductor Baldur Br\u00f6nnimann zu 85 Prozent ausgelastet. Das Ensemble verzeichnet zudem vierzig Prozent neue Abonnenten.<\/span><\/p>\n","protected":false},"author":1,"featured_media":0,"comment_status":"open","ping_status":"open","sticky":false,"template":"","format":"standard","meta":{"footnotes":""},"categories":[2],"tags":[],"class_list":["post-3315","post","type-post","status-publish","format-standard","hentry","category-nachrichten","entry"],"_links":{"self":[{"href":"https:\/\/codexflores.ch\/index.php\/wp-json\/wp\/v2\/posts\/3315","targetHints":{"allow":["GET"]}}],"collection":[{"href":"https:\/\/codexflores.ch\/index.php\/wp-json\/wp\/v2\/posts"}],"about":[{"href":"https:\/\/codexflores.ch\/index.php\/wp-json\/wp\/v2\/types\/post"}],"author":[{"embeddable":true,"href":"https:\/\/codexflores.ch\/index.php\/wp-json\/wp\/v2\/users\/1"}],"replies":[{"embeddable":true,"href":"https:\/\/codexflores.ch\/index.php\/wp-json\/wp\/v2\/comments?post=3315"}],"version-history":[{"count":0,"href":"https:\/\/codexflores.ch\/index.php\/wp-json\/wp\/v2\/posts\/3315\/revisions"}],"wp:attachment":[{"href":"https:\/\/codexflores.ch\/index.php\/wp-json\/wp\/v2\/media?parent=3315"}],"wp:term":[{"taxonomy":"category","embeddable":true,"href":"https:\/\/codexflores.ch\/index.php\/wp-json\/wp\/v2\/categories?post=3315"},{"taxonomy":"post_tag","embeddable":true,"href":"https:\/\/codexflores.ch\/index.php\/wp-json\/wp\/v2\/tags?post=3315"}],"curies":[{"name":"wp","href":"https:\/\/api.w.org\/{rel}","templated":true}]}}