{"id":3320,"date":"2017-09-18T06:01:30","date_gmt":"2017-09-18T06:01:30","guid":{"rendered":"https:\/\/codexflores.ch\/index.php\/2017\/09\/18\/gewinner-des-gottfried-silbermann-orgelwettbewerbs\/"},"modified":"2017-09-18T06:01:30","modified_gmt":"2017-09-18T06:01:30","slug":"gewinner-des-gottfried-silbermann-orgelwettbewerbs","status":"publish","type":"post","link":"https:\/\/codexflores.ch\/index.php\/2017\/09\/18\/gewinner-des-gottfried-silbermann-orgelwettbewerbs\/","title":{"rendered":"Gewinner des Gottfried-Silbermann-Orgelwettbewerbs"},"content":{"rendered":"<p><span style=\"font-family: arial,helvetica,sans-serif; font-size: small;\">18.09.2017 &#8212; Der 18-j\u00e4hrige Johannes Krahl hat in Freiberg den 13. Internationalen Gottfried-Silbermann-Orgelwettbewerb gewonnen. 3. Preistr\u00e4ger ist mit Marco Amherd ein Schweizer, Den zweiten Platz erreichte Josipa Leko aus Kroatien.<\/span><\/p>\n<p><strong><span style=\"font-family: arial,helvetica,sans-serif; font-size: small;\">18.09.2017 &#8212; Der 18-j\u00e4hrige Johannes Krahl hat in Freiberg den 13. Internationalen Gottfried-Silbermann-Orgelwettbewerb gewonnen. 3. Preistr\u00e4ger ist mit Marco Amherd ein Schweizer, Den zweiten Platz erreichte Josipa Leko aus Kroatien.<\/span><\/strong><\/p>\n<p><span style=\"font-family: arial,helvetica,sans-serif; font-size: small;\">\u00a0<\/span><\/p>\n<p><span style=\"font-family: arial,helvetica,sans-serif; font-size: small;\">Neben Preisgeldern von insgesamt 14&#8217;000 Euro erhalten die Preistr\u00e4ger die M\u00f6glichkeit, Konzerte an Silbermann-Orgeln und weiteren historischen Instrumenten in ganz Deutschland und dar\u00fcber hinaus zu geben. Alle f\u00fcnf Finalisten sind f\u00fcr den Grand Prix d\u2019Echo qualifiziert. Der Orgelwettbewerb der Organisation European Cities of Historical Organs (ECHO) findet im April 2018 in Treviso (Italien) statt.<\/span><\/p>\n<p><span style=\"font-family: arial,helvetica,sans-serif; font-size: small;\">\u00a0<\/span><\/p>\n<p><span style=\"font-family: arial,helvetica,sans-serif; font-size: small;\">Marco AMherd ist seit August 2015 als Kantor an der Johanneskirche in Z\u00fcrich t\u00e4tig. Er baut dort in Zusammenarbeit mit der Z\u00fcrcher Hochschule der K\u00fcnste eine mehrch\u00f6rige Kantorei auf. <em>(cf)<\/em> <\/span><\/p>\n<p><span style=\"font-family: arial,helvetica,sans-serif; font-size: small;\">\u00a0<\/span><\/p>\n","protected":false},"excerpt":{"rendered":"<p><span style=\"font-family: arial,helvetica,sans-serif; font-size: small;\">18.09.2017 &#8212; Der 18-j\u00e4hrige Johannes Krahl hat in Freiberg den 13. Internationalen Gottfried-Silbermann-Orgelwettbewerb gewonnen. 3. Preistr\u00e4ger ist mit Marco Amherd ein Schweizer, Den zweiten Platz erreichte Josipa Leko aus Kroatien.<\/span><\/p>\n","protected":false},"author":1,"featured_media":0,"comment_status":"open","ping_status":"open","sticky":false,"template":"","format":"standard","meta":{"footnotes":""},"categories":[2],"tags":[],"class_list":["post-3320","post","type-post","status-publish","format-standard","hentry","category-nachrichten","entry"],"_links":{"self":[{"href":"https:\/\/codexflores.ch\/index.php\/wp-json\/wp\/v2\/posts\/3320","targetHints":{"allow":["GET"]}}],"collection":[{"href":"https:\/\/codexflores.ch\/index.php\/wp-json\/wp\/v2\/posts"}],"about":[{"href":"https:\/\/codexflores.ch\/index.php\/wp-json\/wp\/v2\/types\/post"}],"author":[{"embeddable":true,"href":"https:\/\/codexflores.ch\/index.php\/wp-json\/wp\/v2\/users\/1"}],"replies":[{"embeddable":true,"href":"https:\/\/codexflores.ch\/index.php\/wp-json\/wp\/v2\/comments?post=3320"}],"version-history":[{"count":0,"href":"https:\/\/codexflores.ch\/index.php\/wp-json\/wp\/v2\/posts\/3320\/revisions"}],"wp:attachment":[{"href":"https:\/\/codexflores.ch\/index.php\/wp-json\/wp\/v2\/media?parent=3320"}],"wp:term":[{"taxonomy":"category","embeddable":true,"href":"https:\/\/codexflores.ch\/index.php\/wp-json\/wp\/v2\/categories?post=3320"},{"taxonomy":"post_tag","embeddable":true,"href":"https:\/\/codexflores.ch\/index.php\/wp-json\/wp\/v2\/tags?post=3320"}],"curies":[{"name":"wp","href":"https:\/\/api.w.org\/{rel}","templated":true}]}}