{"id":3321,"date":"2017-09-19T06:18:18","date_gmt":"2017-09-19T06:18:18","guid":{"rendered":"https:\/\/codexflores.ch\/index.php\/2017\/09\/19\/focus-india-im-lac-lugano-arte-e-cultura\/"},"modified":"2017-09-19T06:18:18","modified_gmt":"2017-09-19T06:18:18","slug":"focus-india-im-lac-lugano-arte-e-cultura","status":"publish","type":"post","link":"https:\/\/codexflores.ch\/index.php\/2017\/09\/19\/focus-india-im-lac-lugano-arte-e-cultura\/","title":{"rendered":"\u00abFocus India\u00bb im LAC &#8211; Lugano Arte e Cultura"},"content":{"rendered":"<p><span style=\"font-family: arial,helvetica,sans-serif; font-size: small;\">19.09.2017 &#8212; Ab dem 24. September pr\u00e4sentiert das Kulturzentrum LAC &#8211; Lugano Arte e Cultura \u00abFocus India\u00bb. Im Mittelpunkt dieses grossen Projekts, das bis zum 21. Januar 2018 dauert, steht Indien und dessen tiefgreifender Einfluss auf die westliche Kunst und Kultur.<\/span><\/p>\n<p><span style=\"font-family: arial,helvetica,sans-serif; font-size: small;\"><strong>19.09.2017 &#8212; Ab dem 24. September pr\u00e4sentiert das Kulturzentrum LAC &#8211; Lugano Arte e Cultura \u00abFocus India\u00bb. Im Mittelpunkt dieses grossen Projekts, das bis zum 21. Januar 2018 dauert, steht Indien und dessen tiefgreifender Einfluss auf die westliche Kunst und Kultur.<\/strong><\/span><\/p>\n<p><span style=\"font-family: arial,helvetica,sans-serif; font-size: small;\">\u00a0<\/span><\/p>\n<p><span style=\"font-family: arial,helvetica,sans-serif; font-size: small;\">W\u00e4hrend des ganzen Herbsts werden im Kulturzentrum Lugano zahlreiche Veranstaltungen zum Thema Indien stattfinden: eine grosse Ausstellung und herausragende Momente mit einigen der gr\u00f6ssten Vertreter der indischen Kunstszene sowie viele andere Aktivit\u00e4ten und Veranstaltungen, darunter Workshops, auch f\u00fcr Kinder, Vortr\u00e4ge \u00fcber die Medizin, Yogasitzungen, musikalische Events, ein Filmzyklus, Veranstaltungen zur indischen K\u00fcche und noch vieles mehr im Zusammenhang mit der indischen Tradition.<\/span><\/p>\n<p><span style=\"font-family: arial,helvetica,sans-serif; font-size: small;\">\u00a0<\/span><\/p>\n<p><span style=\"font-family: arial,helvetica,sans-serif; font-size: small;\">Das Musikprogramm, das der grossen indischen Musiktradition gewidmet ist, sieht als H\u00f6hepunkt das Konzert vom 18. November mit dem Sitarspieler Nishat Khan vor, der mit Philip Glass und John McLaughlin zusammengearbeitet\u00a0 hat und eingeladen wurde, mit anderen lebenden Legenden der Saiteninstrumente wie Eric Clapton und Carlos Santana zu spielen. <\/span><\/p>\n<p>\u00a0<\/p>\n<p><span style=\"font-family: arial,helvetica,sans-serif; font-size: small;\">Verschiedene andere Veranstaltungen mit unterschiedlichem Ansatz vervollst\u00e4ndigen das Programm in der Sparte Musik, die zusammen mit der Ausstellung am 23. Und 24. September Focus India mit einem Doppelevent er\u00f6ffnen wird: eine musikalische und performative Vorstellung, w\u00e4hrend der das Publikum entdecken kann, welche Verkn\u00fcpfungen und Einfl\u00fcsse zwischen der indischen der westlichen Musik bestehen. von der Klassik bis zum zeitgen\u00f6ssischen Pop. <em>(cf)<\/em><\/span><\/p>\n","protected":false},"excerpt":{"rendered":"<p><span style=\"font-family: arial,helvetica,sans-serif; font-size: small;\">19.09.2017 &#8212; Ab dem 24. September pr\u00e4sentiert das Kulturzentrum LAC &#8211; Lugano Arte e Cultura \u00abFocus India\u00bb. Im Mittelpunkt dieses grossen Projekts, das bis zum 21. Januar 2018 dauert, steht Indien und dessen tiefgreifender Einfluss auf die westliche Kunst und Kultur.<\/span><\/p>\n","protected":false},"author":1,"featured_media":0,"comment_status":"open","ping_status":"open","sticky":false,"template":"","format":"standard","meta":{"footnotes":""},"categories":[2],"tags":[],"class_list":["post-3321","post","type-post","status-publish","format-standard","hentry","category-nachrichten","entry"],"_links":{"self":[{"href":"https:\/\/codexflores.ch\/index.php\/wp-json\/wp\/v2\/posts\/3321","targetHints":{"allow":["GET"]}}],"collection":[{"href":"https:\/\/codexflores.ch\/index.php\/wp-json\/wp\/v2\/posts"}],"about":[{"href":"https:\/\/codexflores.ch\/index.php\/wp-json\/wp\/v2\/types\/post"}],"author":[{"embeddable":true,"href":"https:\/\/codexflores.ch\/index.php\/wp-json\/wp\/v2\/users\/1"}],"replies":[{"embeddable":true,"href":"https:\/\/codexflores.ch\/index.php\/wp-json\/wp\/v2\/comments?post=3321"}],"version-history":[{"count":0,"href":"https:\/\/codexflores.ch\/index.php\/wp-json\/wp\/v2\/posts\/3321\/revisions"}],"wp:attachment":[{"href":"https:\/\/codexflores.ch\/index.php\/wp-json\/wp\/v2\/media?parent=3321"}],"wp:term":[{"taxonomy":"category","embeddable":true,"href":"https:\/\/codexflores.ch\/index.php\/wp-json\/wp\/v2\/categories?post=3321"},{"taxonomy":"post_tag","embeddable":true,"href":"https:\/\/codexflores.ch\/index.php\/wp-json\/wp\/v2\/tags?post=3321"}],"curies":[{"name":"wp","href":"https:\/\/api.w.org\/{rel}","templated":true}]}}