{"id":3323,"date":"2017-09-20T06:10:32","date_gmt":"2017-09-20T06:10:32","guid":{"rendered":"https:\/\/codexflores.ch\/index.php\/2017\/09\/20\/saisoneroeffnung-des-basler-gare-du-nord\/"},"modified":"2017-09-20T06:10:32","modified_gmt":"2017-09-20T06:10:32","slug":"saisoneroeffnung-des-basler-gare-du-nord","status":"publish","type":"post","link":"https:\/\/codexflores.ch\/index.php\/2017\/09\/20\/saisoneroeffnung-des-basler-gare-du-nord\/","title":{"rendered":"Saisoner\u00f6ffnung des Basler Gare du Nord"},"content":{"rendered":"<p><span style=\"font-family: arial,helvetica,sans-serif; font-size: small;\">20.09.2017 &#8212; Der Basler Gare du Nord er\u00f6ffnet die Spielzeit 2017\/18 mit der Urauff\u00fchrung des Musiktheaters \u00abLamento\u00bb. Die Produktion entstand in Zusammenarbeit von Gare du Nord, Schola Cantorum Basiliensis und der Hochschule f\u00fcr Musik FHNW zum 150-j\u00e4hrigen Jubil\u00e4um der Musik-Akademie Basel.<\/span><\/p>\n<p><span style=\"font-family: arial,helvetica,sans-serif; font-size: small;\"><strong>20.09.2017 &#8212; Der Basler Gare du Nord er\u00f6ffnet die Spielzeit 2017\/18 mit der Urauff\u00fchrung des Musiktheaters \u00abLamento\u00bb. Die Produktion entstand in Zusammenarbeit von Gare du Nord, Schola Cantorum Basiliensis und der Hochschule f\u00fcr Musik FHNW zum 150-j\u00e4hrigen Jubil\u00e4um der Musik-Akademie Basel.<\/strong><\/span><\/p>\n<p><span style=\"font-family: arial,helvetica,sans-serif; font-size: small;\">\u00a0<\/span><\/p>\n<p><span style=\"font-family: arial,helvetica,sans-serif; font-size: small;\">\u00abLamento\u00bb untersucht die Handlungsspirale von Selbst\u00fcbersch\u00e4tzung und Reue in einer Paralleldramaturgie anhand zweier Opern, die in ihrer Entstehung fast 400 Jahre auseinanderliegen. Es bettet sie in eine neue Rahmenhandlung ein. Ein eigens f\u00fcr das Projekt komponierter Epilog von Salvatore Sciarrino beschliesst den Abend: \u00abDistendi la fronte\u00bb \u2013 \u00abEntspanne die Stirn\u00bb.\u00a0<\/span><\/p>\n<p><span style=\"font-family: arial,helvetica,sans-serif; font-size: small;\">\u00a0<\/span><\/p>\n<p><span style=\"font-family: arial,helvetica,sans-serif; font-size: small;\">Es spielen und singen unter anderem Ulrike Hofbauer (Sopran) und Kai Wessel (Countertenor) sowie Studierende der Musik-Akademie Basel. Es sind zwei Kammerorchester \u2013 eines f\u00fcr Alte und eines f\u00fcr Neue Musik \u2013 beteiligt: das Ensemble ad astra der Schola Cantorum Basiliensis unter der Leitung von Giorgio Paronuzzi und das Ensemble Diagonal der Hochschule f\u00fcr Musik Basel unter der Leitung von J\u00fcrg Henneberger. Regie f\u00fchrt D\u00e9sir\u00e9e Meiser. <em>(cf)<\/em><\/span><\/p>\n<p><span style=\"font-family: arial,helvetica,sans-serif; font-size: small;\"><strong>Mehr Infos<\/strong>: <a href=\"https:\/\/www.garedunord.ch\/programm\/details\/2017\/10\/lamento\" target=\"_blank\" rel=\"noopener noreferrer\">www.garedunord.ch\/programm\/details\/2017\/10\/lamento<\/a><\/span><\/p>\n<p>\u00a0<\/p>\n","protected":false},"excerpt":{"rendered":"<p><span style=\"font-family: arial,helvetica,sans-serif; font-size: small;\">20.09.2017 &#8212; Der Basler Gare du Nord er\u00f6ffnet die Spielzeit 2017\/18 mit der Urauff\u00fchrung des Musiktheaters \u00abLamento\u00bb. Die Produktion entstand in Zusammenarbeit von Gare du Nord, Schola Cantorum Basiliensis und der Hochschule f\u00fcr Musik FHNW zum 150-j\u00e4hrigen Jubil\u00e4um der Musik-Akademie Basel.<\/span><\/p>\n","protected":false},"author":1,"featured_media":0,"comment_status":"open","ping_status":"open","sticky":false,"template":"","format":"standard","meta":{"footnotes":""},"categories":[2],"tags":[],"class_list":["post-3323","post","type-post","status-publish","format-standard","hentry","category-nachrichten","entry"],"_links":{"self":[{"href":"https:\/\/codexflores.ch\/index.php\/wp-json\/wp\/v2\/posts\/3323","targetHints":{"allow":["GET"]}}],"collection":[{"href":"https:\/\/codexflores.ch\/index.php\/wp-json\/wp\/v2\/posts"}],"about":[{"href":"https:\/\/codexflores.ch\/index.php\/wp-json\/wp\/v2\/types\/post"}],"author":[{"embeddable":true,"href":"https:\/\/codexflores.ch\/index.php\/wp-json\/wp\/v2\/users\/1"}],"replies":[{"embeddable":true,"href":"https:\/\/codexflores.ch\/index.php\/wp-json\/wp\/v2\/comments?post=3323"}],"version-history":[{"count":0,"href":"https:\/\/codexflores.ch\/index.php\/wp-json\/wp\/v2\/posts\/3323\/revisions"}],"wp:attachment":[{"href":"https:\/\/codexflores.ch\/index.php\/wp-json\/wp\/v2\/media?parent=3323"}],"wp:term":[{"taxonomy":"category","embeddable":true,"href":"https:\/\/codexflores.ch\/index.php\/wp-json\/wp\/v2\/categories?post=3323"},{"taxonomy":"post_tag","embeddable":true,"href":"https:\/\/codexflores.ch\/index.php\/wp-json\/wp\/v2\/tags?post=3323"}],"curies":[{"name":"wp","href":"https:\/\/api.w.org\/{rel}","templated":true}]}}