{"id":3324,"date":"2017-09-22T06:38:38","date_gmt":"2017-09-22T06:38:38","guid":{"rendered":"https:\/\/codexflores.ch\/index.php\/2017\/09\/22\/diebold-uebernimmt-leitung-des-ccs-in-paris\/"},"modified":"2017-09-22T06:38:38","modified_gmt":"2017-09-22T06:38:38","slug":"diebold-uebernimmt-leitung-des-ccs-in-paris","status":"publish","type":"post","link":"https:\/\/codexflores.ch\/index.php\/2017\/09\/22\/diebold-uebernimmt-leitung-des-ccs-in-paris\/","title":{"rendered":"Di\u00e9bold \u00fcbernimmt Leitung des CCS in Paris"},"content":{"rendered":"<p><span style=\"font-family: arial,helvetica,sans-serif; font-size: small;\">22.09.2017 &#8212; Das <\/span><span style=\"font-family: arial,helvetica,sans-serif; font-size: small;\">Centre culturel suisse (CCS) in Pari<\/span><span style=\"font-family: arial,helvetica,sans-serif; font-size: small;\">s bekommt ab dem 1. Oktober 2018 einen neuen Direktor: Jean-Marc Di\u00e9bold wird Jean-Paul Felley und Olivier Kaeser abl\u00f6sen, die das CCS seit 2008 als pluridisziplin\u00e4res Kulturzentrum weiterentwickelt haben.<\/span><\/p>\n<p><span style=\"font-family: arial,helvetica,sans-serif; font-size: small;\"><strong>22.09.2017 &#8212; Das Centre culturel suisse (CCS) in Paris bekommt ab dem 1. Oktober 2018 einen neuen Direktor: Jean-Marc Di\u00e9bold wird Jean-Paul Felley und Olivier Kaeser abl\u00f6sen, die das CCS seit 2008 als pluridisziplin\u00e4res Kulturzentrum weiterentwickelt haben.<\/strong><\/span><\/p>\n<p><span style=\"font-family: arial,helvetica,sans-serif; font-size: small;\">\u00a0<\/span><\/p>\n<p><span style=\"font-family: arial,helvetica,sans-serif; font-size: small;\">Di\u00e9bold ist derzeit Leiter des Bureau du Th\u00e9\u00e2tre et de la Danse des Institut fran\u00e7ais Deutschland in Berlin. Der geb\u00fcrtige Franzose ist in der Schweiz aufgewachsen, hat in Lausanne und Genf studiert und hier auch seine ersten k\u00fcnstlerischen Erfahrungen gesammelt. W\u00e4hrend seiner sp\u00e4teren Engagements in Frankreich und Deutschland ist er der Schweizer Kulturszene eng verbunden geblieben.<\/span><\/p>\n<p>\u00a0<\/p>\n<p><span style=\"font-family: arial,helvetica,sans-serif; font-size: small;\">F\u00fcr die Programmation bis Ende 2018 zeichnen die beiden Direktoren noch verantwortlich. Jean Marc Di\u00e9bold \u00fcbernimmt die k\u00fcnstlerische wie die administrative Leitung des Centre culturel suisse. In Erg\u00e4nzung seines programmatorischen Profils wird er zus\u00e4tzlich eine Kuratorin oder einen Kurator f\u00fcr zeitgen\u00f6ssische Kunst engagieren.<\/span><\/p>\n<p>\u00a0<\/p>\n<p><span style=\"font-family: arial,helvetica,sans-serif; font-size: small;\">F\u00fcr das Amt der Direktion des CCS gingen \u00fcber 110 Kandidaturen aus der ganzen Schweiz und dem Ausland ein. Den Selektionsprozess f\u00fchrte eine Wahlkommission, die sich aus der Direktion von Pro Helvetia sowie aus Mitgliedern der Gesch\u00e4ftsstelle und der Fachkommission zusammensetzte. <em>(pd\/cf)<\/em><\/span><\/p>\n<p>\u00a0<\/p>\n","protected":false},"excerpt":{"rendered":"<p><span style=\"font-family: arial,helvetica,sans-serif; font-size: small;\">22.09.2017 &#8212; Das <\/span><span style=\"font-family: arial,helvetica,sans-serif; font-size: small;\">Centre culturel suisse (CCS) in Pari<\/span><span style=\"font-family: arial,helvetica,sans-serif; font-size: small;\">s bekommt ab dem 1. Oktober 2018 einen neuen Direktor: Jean-Marc Di\u00e9bold wird Jean-Paul Felley und Olivier Kaeser abl\u00f6sen, die das CCS seit 2008 als pluridisziplin\u00e4res Kulturzentrum weiterentwickelt haben.<\/span><\/p>\n","protected":false},"author":1,"featured_media":0,"comment_status":"open","ping_status":"open","sticky":false,"template":"","format":"standard","meta":{"footnotes":""},"categories":[2],"tags":[],"class_list":["post-3324","post","type-post","status-publish","format-standard","hentry","category-nachrichten","entry"],"_links":{"self":[{"href":"https:\/\/codexflores.ch\/index.php\/wp-json\/wp\/v2\/posts\/3324","targetHints":{"allow":["GET"]}}],"collection":[{"href":"https:\/\/codexflores.ch\/index.php\/wp-json\/wp\/v2\/posts"}],"about":[{"href":"https:\/\/codexflores.ch\/index.php\/wp-json\/wp\/v2\/types\/post"}],"author":[{"embeddable":true,"href":"https:\/\/codexflores.ch\/index.php\/wp-json\/wp\/v2\/users\/1"}],"replies":[{"embeddable":true,"href":"https:\/\/codexflores.ch\/index.php\/wp-json\/wp\/v2\/comments?post=3324"}],"version-history":[{"count":0,"href":"https:\/\/codexflores.ch\/index.php\/wp-json\/wp\/v2\/posts\/3324\/revisions"}],"wp:attachment":[{"href":"https:\/\/codexflores.ch\/index.php\/wp-json\/wp\/v2\/media?parent=3324"}],"wp:term":[{"taxonomy":"category","embeddable":true,"href":"https:\/\/codexflores.ch\/index.php\/wp-json\/wp\/v2\/categories?post=3324"},{"taxonomy":"post_tag","embeddable":true,"href":"https:\/\/codexflores.ch\/index.php\/wp-json\/wp\/v2\/tags?post=3324"}],"curies":[{"name":"wp","href":"https:\/\/api.w.org\/{rel}","templated":true}]}}