{"id":3328,"date":"2017-09-27T06:00:00","date_gmt":"2017-09-27T06:00:00","guid":{"rendered":"https:\/\/codexflores.ch\/index.php\/2017\/09\/27\/bis-records-nimmt-andreas-haefliger-unter-vertrag\/"},"modified":"2017-09-27T06:00:00","modified_gmt":"2017-09-27T06:00:00","slug":"bis-records-nimmt-andreas-haefliger-unter-vertrag","status":"publish","type":"post","link":"https:\/\/codexflores.ch\/index.php\/2017\/09\/27\/bis-records-nimmt-andreas-haefliger-unter-vertrag\/","title":{"rendered":"BIS Records nimmt Andreas H\u00e4fliger unter Vertrag"},"content":{"rendered":"<p><span style=\"font-family: arial,helvetica,sans-serif; font-size: small;\">27.09.2017 &#8212; Der Pianist Andreas Haefliger, der Bruder des Lucerne-Festival-Intendanten Michael Haefliger, ist von BIS Records unter Vertrag genommen worden. Haefliger erh\u00e4lt damit f\u00fcr seine eigenst\u00e4ndigen Konzertprogrammierungen eine Label-Plattform.<\/span><\/p>\n<p><span style=\"font-family: arial,helvetica,sans-serif; font-size: small;\"><strong>27.09.2017 &#8212; Der Pianist Andreas Haefliger, der Bruder des Lucerne-Festival-Intendanten Michael Haefliger, ist von BIS Records unter Vertrag genommen worden. Haefliger erh\u00e4lt damit f\u00fcr seine eigenst\u00e4ndigen Konzertprogrammierungen eine Label-Plattform.<\/strong><\/span><\/p>\n<p><span style=\"font-family: arial,helvetica,sans-serif; font-size: small;\">\u00a0<\/span><\/p>\n<p><span style=\"font-family: arial,helvetica,sans-serif; font-size: small;\">Im Fr\u00fchling 2018 soll unter dem Titel \u00abPerspectives 7\u00bb bei BIS Records eine CD Haefligers mit Werken von Berg, Liszt und Mussorgsky verf\u00fcgbar sein, die einem Themenkonzept Haefligers folgend an Beethovens Klaviersonate Nr. 28 op. 101 ankn\u00fcpfen. Die Perspektiven-Reihe soll in der Folge fortgesetzt werden. BIS Records will aber auch Solorezitale, Konzerte und\u00a0 weitere Programme Haefligers verlegen.<\/span><\/p>\n<p><span style=\"font-family: arial,helvetica,sans-serif; font-size: small;\">\u00a0<\/span><\/p>\n<p><span style=\"font-family: arial,helvetica,sans-serif; font-size: small;\">Das schwedische Label BIS Records wurde 1973 von Robert von Bahr als Grammofon AB BIS gegr\u00fcndet. BIS spezialisiert sich auf weniger bekannte Werke der europ\u00e4ischen Kunstmusik. Entsprechend seiner geografischen Herkunft legt es zudem einen Schwerpunkt auf die Werke nordeurop\u00e4ischer und baltischer Komponisten. <em>(cf)<\/em> \u00a0<\/span><\/p>\n","protected":false},"excerpt":{"rendered":"<p><span style=\"font-family: arial,helvetica,sans-serif; font-size: small;\">27.09.2017 &#8212; Der Pianist Andreas Haefliger, der Bruder des Lucerne-Festival-Intendanten Michael Haefliger, ist von BIS Records unter Vertrag genommen worden. Haefliger erh\u00e4lt damit f\u00fcr seine eigenst\u00e4ndigen Konzertprogrammierungen eine Label-Plattform.<\/span><\/p>\n","protected":false},"author":1,"featured_media":0,"comment_status":"open","ping_status":"open","sticky":false,"template":"","format":"standard","meta":{"footnotes":""},"categories":[2],"tags":[],"class_list":["post-3328","post","type-post","status-publish","format-standard","hentry","category-nachrichten","entry"],"_links":{"self":[{"href":"https:\/\/codexflores.ch\/index.php\/wp-json\/wp\/v2\/posts\/3328","targetHints":{"allow":["GET"]}}],"collection":[{"href":"https:\/\/codexflores.ch\/index.php\/wp-json\/wp\/v2\/posts"}],"about":[{"href":"https:\/\/codexflores.ch\/index.php\/wp-json\/wp\/v2\/types\/post"}],"author":[{"embeddable":true,"href":"https:\/\/codexflores.ch\/index.php\/wp-json\/wp\/v2\/users\/1"}],"replies":[{"embeddable":true,"href":"https:\/\/codexflores.ch\/index.php\/wp-json\/wp\/v2\/comments?post=3328"}],"version-history":[{"count":0,"href":"https:\/\/codexflores.ch\/index.php\/wp-json\/wp\/v2\/posts\/3328\/revisions"}],"wp:attachment":[{"href":"https:\/\/codexflores.ch\/index.php\/wp-json\/wp\/v2\/media?parent=3328"}],"wp:term":[{"taxonomy":"category","embeddable":true,"href":"https:\/\/codexflores.ch\/index.php\/wp-json\/wp\/v2\/categories?post=3328"},{"taxonomy":"post_tag","embeddable":true,"href":"https:\/\/codexflores.ch\/index.php\/wp-json\/wp\/v2\/tags?post=3328"}],"curies":[{"name":"wp","href":"https:\/\/api.w.org\/{rel}","templated":true}]}}