{"id":3329,"date":"2017-09-28T05:38:24","date_gmt":"2017-09-28T05:38:24","guid":{"rendered":"https:\/\/codexflores.ch\/index.php\/2017\/09\/28\/dennis-russell-davies-wird-kuenstlerischer-leiter-der-filharmonie-brno\/"},"modified":"2017-09-28T05:38:24","modified_gmt":"2017-09-28T05:38:24","slug":"dennis-russell-davies-wird-kuenstlerischer-leiter-der-filharmonie-brno","status":"publish","type":"post","link":"https:\/\/codexflores.ch\/index.php\/2017\/09\/28\/dennis-russell-davies-wird-kuenstlerischer-leiter-der-filharmonie-brno\/","title":{"rendered":"Dennis Russell Davies wird k\u00fcnstlerischer Leiter der Filharmonie Brno"},"content":{"rendered":"<p><span style=\"font-family: arial,helvetica,sans-serif; font-size: small;\">28.09.2017 &#8212; Dennis Russell Davies, der fr\u00fchere Chefdirigent des Sinfonieorchesters Basel, ist zum Chefdirigenten und k\u00fcnstlerischen Leiter der Filharmonie Brno ernannt worden. Der Vertrag startet mit der Saison 2018\/19 und geht bis 2022.<\/span><\/p>\n<p><span style=\"font-family: arial,helvetica,sans-serif; font-size: small;\"><strong>28.09.2017 &#8212; Dennis Russell Davies, der fr\u00fchere Chefdirigent des Sinfonieorchesters Basel, ist zum Chefdirigenten und k\u00fcnstlerischen Leiter der Filharmonie Brno ernannt worden. Der Vertrag startet mit der Saison 2018\/19 und geht bis 2022.<\/strong><\/span><\/p>\n<p><span style=\"font-family: arial,helvetica,sans-serif; font-size: small;\">\u00a0<\/span><\/p>\n<p><span style=\"font-family: arial,helvetica,sans-serif; font-size: small;\">Die Ernennung f\u00e4llt zusammen mit dem Spatenstich f\u00fcr das Jan\u00e1\u010dek Kulturzentrum in Br\u00fcnn, einem hochmodernen Konzertsaal mit einer Kapazit\u00e4t von 1250 Sitzpl\u00e4tzen, der ab 2020 auch neue Heimat der Filharmonie Brno sein wird.<\/span><\/p>\n<p><span style=\"font-family: arial,helvetica,sans-serif; font-size: small;\">\u00a0<\/span><\/p>\n<p><span style=\"font-family: arial,helvetica,sans-serif; font-size: small;\">Das Orchester Filharmonie Brno entstand im Jahre 1956 durch eine Zusammenlegung des Rundfunk- und des Kreisorchesters. Seit dieser Zeit geh\u00f6rt es aufgrund seiner Gr\u00f6sse und Bedeutung zur tschechischen Spitze. Seit dem Jahr 2000 veranstaltet das Orchester im Sommer ein Open-Air-Festival in der Br\u00fcnner Burg Spielberg und seit 2012 die Festwochen M\u00e4hrischer Herbst, Osterfestival der geistlichen Musik und Exposition der neuen Musik. 2014 errichtete es eine eigene Akademie. <em>(cf)<\/em><\/span><\/p>\n","protected":false},"excerpt":{"rendered":"<p><span style=\"font-family: arial,helvetica,sans-serif; font-size: small;\">28.09.2017 &#8212; Dennis Russell Davies, der fr\u00fchere Chefdirigent des Sinfonieorchesters Basel, ist zum Chefdirigenten und k\u00fcnstlerischen Leiter der Filharmonie Brno ernannt worden. Der Vertrag startet mit der Saison 2018\/19 und geht bis 2022.<\/span><\/p>\n","protected":false},"author":1,"featured_media":0,"comment_status":"open","ping_status":"open","sticky":false,"template":"","format":"standard","meta":{"footnotes":""},"categories":[2],"tags":[],"class_list":["post-3329","post","type-post","status-publish","format-standard","hentry","category-nachrichten","entry"],"_links":{"self":[{"href":"https:\/\/codexflores.ch\/index.php\/wp-json\/wp\/v2\/posts\/3329","targetHints":{"allow":["GET"]}}],"collection":[{"href":"https:\/\/codexflores.ch\/index.php\/wp-json\/wp\/v2\/posts"}],"about":[{"href":"https:\/\/codexflores.ch\/index.php\/wp-json\/wp\/v2\/types\/post"}],"author":[{"embeddable":true,"href":"https:\/\/codexflores.ch\/index.php\/wp-json\/wp\/v2\/users\/1"}],"replies":[{"embeddable":true,"href":"https:\/\/codexflores.ch\/index.php\/wp-json\/wp\/v2\/comments?post=3329"}],"version-history":[{"count":0,"href":"https:\/\/codexflores.ch\/index.php\/wp-json\/wp\/v2\/posts\/3329\/revisions"}],"wp:attachment":[{"href":"https:\/\/codexflores.ch\/index.php\/wp-json\/wp\/v2\/media?parent=3329"}],"wp:term":[{"taxonomy":"category","embeddable":true,"href":"https:\/\/codexflores.ch\/index.php\/wp-json\/wp\/v2\/categories?post=3329"},{"taxonomy":"post_tag","embeddable":true,"href":"https:\/\/codexflores.ch\/index.php\/wp-json\/wp\/v2\/tags?post=3329"}],"curies":[{"name":"wp","href":"https:\/\/api.w.org\/{rel}","templated":true}]}}