{"id":3331,"date":"2017-09-29T06:21:40","date_gmt":"2017-09-29T06:21:40","guid":{"rendered":"https:\/\/codexflores.ch\/index.php\/2017\/09\/29\/der-oesterreichische-musikrat-schlaegt-alarm\/"},"modified":"2017-09-29T06:21:40","modified_gmt":"2017-09-29T06:21:40","slug":"der-oesterreichische-musikrat-schlaegt-alarm","status":"publish","type":"post","link":"https:\/\/codexflores.ch\/index.php\/2017\/09\/29\/der-oesterreichische-musikrat-schlaegt-alarm\/","title":{"rendered":"Der \u00d6sterreichische Musikrat schl\u00e4gt Alarm"},"content":{"rendered":"<p><span style=\"font-family: arial,helvetica,sans-serif; font-size: small;\">29.09.2017 &#8212; Die Rahmenbedingungen f\u00fcr den Musikunterricht an \u00d6sterreichs Schulen h\u00e4tten sich in der letzten Dekade massiv verschlechtert, erkl\u00e4rt der \u00d6sterreichische Musikrat (\u00d6MR). Besonders prek\u00e4r sei die Situation in der Volksschule. Die musikalische Ausbildung werde an den P\u00e4dagogischen Hochschulen massiv zur\u00fcckgefahren.<\/span><\/p>\n<p><span style=\"font-family: arial,helvetica,sans-serif; font-size: small;\"><strong>29.09.2017 &#8212; Die Rahmenbedingungen f\u00fcr den Musikunterricht an \u00d6sterreichs Schulen h\u00e4tten sich in der letzten Dekade massiv verschlechtert, erkl\u00e4rt der \u00d6sterreichische Musikrat (\u00d6MR). Besonders prek\u00e4r sei die Situation in der Volksschule. Die musikalische Ausbildung werde an den P\u00e4dagogischen Hochschulen massiv zur\u00fcckgefahren.<\/strong><\/span><\/p>\n<p><span style=\"font-family: arial,helvetica,sans-serif; font-size: small;\">\u00a0<\/span><\/p>\n<p><span style=\"font-family: arial,helvetica,sans-serif; font-size: small;\">Musikalisch \u00fcberforderte Lehrkr\u00e4fte s\u00e4ngen oder musizierten nicht mehr mit den Kindern oder es finde gar kein Musikunterricht mehr statt, erkl\u00e4rt der Rat weiter. Die gegenw\u00e4rtige bildungspolitische Diskussion fokussiere viel zu sehr die Pisa-F\u00e4cher (Lesen, Mathematik, Naturwissenschaften). Die k\u00fcnstlerisch-kreativen F\u00e4cher vermittelten aber ebenfalls unverzichtbare Kompetenzen wie Kreativit\u00e4t, soziales Miteinander und Gestaltungsverm\u00f6gen. <\/span><\/p>\n<p>\u00a0<\/p>\n<p><span style=\"font-family: arial,helvetica,sans-serif; font-size: small;\">Der\u00a0 \u00d6MR fordert eine qualitative und quantitative Absicherung des Musikunterrichts, die Realisierung eines flexiblen Fachlehrerprinzips f\u00fcr musisch-k\u00fcnstlerische F\u00e4cher an den Volksschulen, die Ausweitung des Musikunterrichts in der Volksschule auf zwei Wochenstunden, den Ausbau der Kooperationen von Schulen mit Musikschulen und die Einrichtung einer musikp\u00e4dagogischen Koordinationsstelle im Bildungsministerium. <em>(cf)\u00a0<\/em><\/span><\/p>\n<p>\u00a0<\/p>\n<p>\u00a0<\/p>\n","protected":false},"excerpt":{"rendered":"<p><span style=\"font-family: arial,helvetica,sans-serif; font-size: small;\">29.09.2017 &#8212; Die Rahmenbedingungen f\u00fcr den Musikunterricht an \u00d6sterreichs Schulen h\u00e4tten sich in der letzten Dekade massiv verschlechtert, erkl\u00e4rt der \u00d6sterreichische Musikrat (\u00d6MR). Besonders prek\u00e4r sei die Situation in der Volksschule. Die musikalische Ausbildung werde an den P\u00e4dagogischen Hochschulen massiv zur\u00fcckgefahren.<\/span><\/p>\n","protected":false},"author":1,"featured_media":0,"comment_status":"open","ping_status":"open","sticky":false,"template":"","format":"standard","meta":{"footnotes":""},"categories":[2],"tags":[],"class_list":["post-3331","post","type-post","status-publish","format-standard","hentry","category-nachrichten","entry"],"_links":{"self":[{"href":"https:\/\/codexflores.ch\/index.php\/wp-json\/wp\/v2\/posts\/3331","targetHints":{"allow":["GET"]}}],"collection":[{"href":"https:\/\/codexflores.ch\/index.php\/wp-json\/wp\/v2\/posts"}],"about":[{"href":"https:\/\/codexflores.ch\/index.php\/wp-json\/wp\/v2\/types\/post"}],"author":[{"embeddable":true,"href":"https:\/\/codexflores.ch\/index.php\/wp-json\/wp\/v2\/users\/1"}],"replies":[{"embeddable":true,"href":"https:\/\/codexflores.ch\/index.php\/wp-json\/wp\/v2\/comments?post=3331"}],"version-history":[{"count":0,"href":"https:\/\/codexflores.ch\/index.php\/wp-json\/wp\/v2\/posts\/3331\/revisions"}],"wp:attachment":[{"href":"https:\/\/codexflores.ch\/index.php\/wp-json\/wp\/v2\/media?parent=3331"}],"wp:term":[{"taxonomy":"category","embeddable":true,"href":"https:\/\/codexflores.ch\/index.php\/wp-json\/wp\/v2\/categories?post=3331"},{"taxonomy":"post_tag","embeddable":true,"href":"https:\/\/codexflores.ch\/index.php\/wp-json\/wp\/v2\/tags?post=3331"}],"curies":[{"name":"wp","href":"https:\/\/api.w.org\/{rel}","templated":true}]}}