{"id":3336,"date":"2017-10-04T06:00:27","date_gmt":"2017-10-04T06:00:27","guid":{"rendered":"https:\/\/codexflores.ch\/index.php\/2017\/10\/04\/tod-des-schweizer-komponisten-klaus-huber\/"},"modified":"2017-10-04T06:00:27","modified_gmt":"2017-10-04T06:00:27","slug":"tod-des-schweizer-komponisten-klaus-huber","status":"publish","type":"post","link":"https:\/\/codexflores.ch\/index.php\/2017\/10\/04\/tod-des-schweizer-komponisten-klaus-huber\/","title":{"rendered":"Tod des Schweizer Komponisten Klaus Huber"},"content":{"rendered":"<p><span style=\"font-family: arial,helvetica,sans-serif; font-size: small;\">04.10.2017 &#8212; Der Schweizer Komponist Klaus Huber ist laut einer Mitteilung auf seiner Webseite am 2. Oktober 2017 in Perugia gestorben.<\/span><\/p>\n<p><strong><span style=\"font-family: arial,helvetica,sans-serif; font-size: small;\">04.10.2017 &#8212; Der Schweizer Komponist Klaus Huber ist laut einer Mitteilung auf seiner Webseite am 2. Oktober 2017 in Perugia gestorben.<\/span><\/strong><\/p>\n<p><span style=\"font-family: arial,helvetica,sans-serif; font-size: small;\">\u00a0<\/span><\/p>\n<p><span style=\"font-family: arial,helvetica,sans-serif; font-size: small;\">Der 1924 in Bern geborene Huber studierte Violine in Z\u00fcrich bei Stefi Geyer und Komposition bei Willy Burkhard und Boris Blacher. Von 1964 bis 73 leitete er die Kompositionsklasse an der Musikakademie Basel. 1969 gr\u00fcndete er das\u00a0 Internationale Komponistenseminar in Boswil und von 1973 bis 1990 war er Leiter der Kompositionsklasse und des Instituts f\u00fcr Neue Musik an der Musikhochschule in Freiburg\/Breisgau.<\/span><\/p>\n<p>\u00a0<\/p>\n<p>\u00a0<\/p>\n<p><span style=\"font-family: arial,helvetica,sans-serif; font-size: small;\">Zu seinen Sch\u00fclern geh\u00f6rten Brian Ferneyhough und Hans W\u00fcthrich in Basel, Wolfgang Rihm, Younghi Pagh-Paan, Toshio Hosokawa, Michael Jarrell, G\u00fcnter Steinke, Dieter Mack, Claus-Steffen Mahnkopf, Johannes Sch\u00f6llhorn, Richard Nikolaus Wenzel und eine Handvoll weiterer heute renomierter Komponistinnen und Komponisten. <\/span><\/p>\n<p>\u00a0<\/p>\n<p><span style=\"font-family: arial,helvetica,sans-serif; font-size: small;\">Von 1979 bis 1982 war er Pr\u00e4sident des Schweizerischen Tonk\u00fcnstlerverein,\u00a0 Neben zahllosen weiteren bedeuteunden Preisen wurde Huber 2009 auch mit dem renommierten Ernst von Siemens-Muskpreis ausgezeichnet. <em>(cf)<\/em><\/span><\/p>\n","protected":false},"excerpt":{"rendered":"<p><span style=\"font-family: arial,helvetica,sans-serif; font-size: small;\">04.10.2017 &#8212; Der Schweizer Komponist Klaus Huber ist laut einer Mitteilung auf seiner Webseite am 2. Oktober 2017 in Perugia gestorben.<\/span><\/p>\n","protected":false},"author":1,"featured_media":0,"comment_status":"open","ping_status":"open","sticky":false,"template":"","format":"standard","meta":{"footnotes":""},"categories":[2],"tags":[],"class_list":["post-3336","post","type-post","status-publish","format-standard","hentry","category-nachrichten","entry"],"_links":{"self":[{"href":"https:\/\/codexflores.ch\/index.php\/wp-json\/wp\/v2\/posts\/3336","targetHints":{"allow":["GET"]}}],"collection":[{"href":"https:\/\/codexflores.ch\/index.php\/wp-json\/wp\/v2\/posts"}],"about":[{"href":"https:\/\/codexflores.ch\/index.php\/wp-json\/wp\/v2\/types\/post"}],"author":[{"embeddable":true,"href":"https:\/\/codexflores.ch\/index.php\/wp-json\/wp\/v2\/users\/1"}],"replies":[{"embeddable":true,"href":"https:\/\/codexflores.ch\/index.php\/wp-json\/wp\/v2\/comments?post=3336"}],"version-history":[{"count":0,"href":"https:\/\/codexflores.ch\/index.php\/wp-json\/wp\/v2\/posts\/3336\/revisions"}],"wp:attachment":[{"href":"https:\/\/codexflores.ch\/index.php\/wp-json\/wp\/v2\/media?parent=3336"}],"wp:term":[{"taxonomy":"category","embeddable":true,"href":"https:\/\/codexflores.ch\/index.php\/wp-json\/wp\/v2\/categories?post=3336"},{"taxonomy":"post_tag","embeddable":true,"href":"https:\/\/codexflores.ch\/index.php\/wp-json\/wp\/v2\/tags?post=3336"}],"curies":[{"name":"wp","href":"https:\/\/api.w.org\/{rel}","templated":true}]}}