{"id":3339,"date":"2017-10-09T05:58:45","date_gmt":"2017-10-09T05:58:45","guid":{"rendered":"https:\/\/codexflores.ch\/index.php\/2017\/10\/09\/eitler-de-lint-uebernimmt-chor-der-oper-leipzig\/"},"modified":"2017-10-09T05:58:45","modified_gmt":"2017-10-09T05:58:45","slug":"eitler-de-lint-uebernimmt-chor-der-oper-leipzig","status":"publish","type":"post","link":"https:\/\/codexflores.ch\/index.php\/2017\/10\/09\/eitler-de-lint-uebernimmt-chor-der-oper-leipzig\/","title":{"rendered":"Eitler-de Lint \u00fcbernimmt Chor der Oper Leipzig"},"content":{"rendered":"<p><span style=\"font-family: arial,helvetica,sans-serif; font-size: small;\">09.10.2017 &#8212; Der \u00d6sterreicher Thomas Eitler-de Lint, der an der Z\u00fcrcher Oper auch schon als Gastchordirigent t\u00e4tig war, \u00fcbernimmt die Leitung des Chores der Oper Leipzig. Er folgt in dem Amt auf Alessandro Zuppardo, der sich nach f\u00fcnf Jahren neuen Projekten zuwendet.<\/span><\/p>\n<p><span style=\"font-family: arial,helvetica,sans-serif; font-size: small;\"><strong>09.10.2017 &#8212; Der \u00d6sterreicher Thomas Eitler-de Lint, der an der Z\u00fcrcher Oper auch schon als Gastchordirigent t\u00e4tig war, \u00fcbernimmt die Leitung des Chores der Oper Leipzig. Er folgt in dem Amt auf Alessandro Zuppardo, der sich nach f\u00fcnf Jahren neuen Projekten zuwendet.<\/strong><\/span><\/p>\n<p><span style=\"font-family: arial,helvetica,sans-serif; font-size: small;\">\u00a0<\/span><\/p>\n<p><span style=\"font-family: arial,helvetica,sans-serif; font-size: small;\">Eitler-de Lint studierte in seiner Heimatstadt Wien. Noch vor seinem Abschluss trat er 1992 die Stelle des stellvertretenden Chordirektors und B\u00fchnenkapellmeisters an der Wiener Volksoper an. Es folgten weitere Engagements als Chordirektor, sp\u00e4ter Erster Kapellmeister am Stadttheater Koblenz und als Chordirektor am Bremer Theater. In der Saison 2013\/14 war er k\u00fcnstlerischer Leiter des Chores der Nationalen Oper in Amsterdam. Gleichzeitig nahm er Einladungen als Chorleiter bei diversen Rundfunkch\u00f6ren wie dem WDR, dem NDR, dem MDR und dem Niederl\u00e4ndischen Rundfunkchor in Hilversum wahr. <\/span><\/p>\n<p>\u00a0<\/p>\n<p><span style=\"font-family: arial,helvetica,sans-serif; font-size: small;\">Zudem war Thomas Eitler-de Lint Chorassistent bei den Bayreuther Festspielen und Gastchordirektor an den Opernh\u00e4usern Z\u00fcrich und Hannover. Seit 2016 ist er zus\u00e4tzlich Gastchordirektor an der Oper Shanghai. Als Dirigent arbeitete Thomas Eitler-de Lint unter anderem mit der Rheinischen Philharmonie, der Neubrandenburger Philharmonie, dem Sinfonieorchester G\u00f6ttingen oder dem WDR Rundfunkorchester. Von 2008 bis 2014 hatte er einen Lehrauftrag f\u00fcr Orchesterdirigieren an der Hochschule f\u00fcr K\u00fcnste in Bremen inne. <em>(cf)<\/em>\u00a0 <\/span><\/p>\n","protected":false},"excerpt":{"rendered":"<p><span style=\"font-family: arial,helvetica,sans-serif; font-size: small;\">09.10.2017 &#8212; Der \u00d6sterreicher Thomas Eitler-de Lint, der an der Z\u00fcrcher Oper auch schon als Gastchordirigent t\u00e4tig war, \u00fcbernimmt die Leitung des Chores der Oper Leipzig. Er folgt in dem Amt auf Alessandro Zuppardo, der sich nach f\u00fcnf Jahren neuen Projekten zuwendet.<\/span><\/p>\n","protected":false},"author":1,"featured_media":0,"comment_status":"open","ping_status":"open","sticky":false,"template":"","format":"standard","meta":{"footnotes":""},"categories":[2],"tags":[],"class_list":["post-3339","post","type-post","status-publish","format-standard","hentry","category-nachrichten","entry"],"_links":{"self":[{"href":"https:\/\/codexflores.ch\/index.php\/wp-json\/wp\/v2\/posts\/3339","targetHints":{"allow":["GET"]}}],"collection":[{"href":"https:\/\/codexflores.ch\/index.php\/wp-json\/wp\/v2\/posts"}],"about":[{"href":"https:\/\/codexflores.ch\/index.php\/wp-json\/wp\/v2\/types\/post"}],"author":[{"embeddable":true,"href":"https:\/\/codexflores.ch\/index.php\/wp-json\/wp\/v2\/users\/1"}],"replies":[{"embeddable":true,"href":"https:\/\/codexflores.ch\/index.php\/wp-json\/wp\/v2\/comments?post=3339"}],"version-history":[{"count":0,"href":"https:\/\/codexflores.ch\/index.php\/wp-json\/wp\/v2\/posts\/3339\/revisions"}],"wp:attachment":[{"href":"https:\/\/codexflores.ch\/index.php\/wp-json\/wp\/v2\/media?parent=3339"}],"wp:term":[{"taxonomy":"category","embeddable":true,"href":"https:\/\/codexflores.ch\/index.php\/wp-json\/wp\/v2\/categories?post=3339"},{"taxonomy":"post_tag","embeddable":true,"href":"https:\/\/codexflores.ch\/index.php\/wp-json\/wp\/v2\/tags?post=3339"}],"curies":[{"name":"wp","href":"https:\/\/api.w.org\/{rel}","templated":true}]}}