{"id":3340,"date":"2017-10-10T05:20:16","date_gmt":"2017-10-10T05:20:16","guid":{"rendered":"https:\/\/codexflores.ch\/index.php\/2017\/10\/10\/tod-des-schweizer-cellisten-daniel-pezzotti\/"},"modified":"2017-10-10T05:20:16","modified_gmt":"2017-10-10T05:20:16","slug":"tod-des-schweizer-cellisten-daniel-pezzotti","status":"publish","type":"post","link":"https:\/\/codexflores.ch\/index.php\/2017\/10\/10\/tod-des-schweizer-cellisten-daniel-pezzotti\/","title":{"rendered":"Tod des Schweizer Cellisten Daniel Pezzotti"},"content":{"rendered":"<p><span style=\"font-family: arial,helvetica,sans-serif; font-size: small;\">10.10.2017 &#8212; Der multistilistische Schweizer Cellist Daniel Pezzotti ist laut einer Todesanzeige des Opernhauses Z\u00fcrich\u00a0 im Alter von 55 Jahren den Folgen einer schweren Krankheit erlegen.<\/span><\/p>\n<p><span style=\"font-family: arial,helvetica,sans-serif; font-size: small;\"><strong>10.10.2017 &#8212; Der multistilistische Schweizer Cellist Daniel Pezzotti ist laut einer Todesanzeige des Opernhauses Z\u00fcrich\u00a0 im Alter von 55 Jahren den Folgen einer schweren Krankheit erlegen.<\/strong><\/span><\/p>\n<p><span style=\"font-family: arial,helvetica,sans-serif; font-size: small;\">\u00a0<\/span><\/p>\n<p><span style=\"font-family: arial,helvetica,sans-serif; font-size: small;\">Pezzotti schloss 1981 sein Studium am Konservatorium Z\u00fcrich bei Claude Starck mit Auszeichnung ab. Im Bereich der klassischen Musik weist ihn eine rege internationale Konzertt\u00e4tigkeit als Solist und Kammermusiker aus. Ab 1986 war er Mitglied des Orchesters der Oper Z\u00fcrich. Daneben war er auch als Jazzmusiker t\u00e4tig. <\/span><\/p>\n<p>\u00a0<\/p>\n<p><span style=\"font-family: arial,helvetica,sans-serif; font-size: small;\">Als Freund des brasilianischen Multiinstrumentalisten Hermeto Pascoal trat er 1992 mit dessen Gruppe in Rio de Janeiro, Rom, Florenz, Genf und Z\u00fcrich auf. Aus dieser gemeinsamen Arbeit entwickelte sich ein Duo mit Carlos Malta, dem Fl\u00f6tisten und Saxophonisten aus Pascoals Gruppe. Weiterhin nahm er mehrfach mit Andreas Vollenweider und mit Thierry Lang auf. In Rio de Janeiro wirkt Pezzotti als Gastdozent beim International Cello Encounter. An der Z\u00fcrcher Hochschule der K\u00fcnste lehrt er als Dozent Violoncello. <em>(cf)<\/em><\/span><\/p>\n","protected":false},"excerpt":{"rendered":"<p><span style=\"font-family: arial,helvetica,sans-serif; font-size: small;\">10.10.2017 &#8212; Der multistilistische Schweizer Cellist Daniel Pezzotti ist laut einer Todesanzeige des Opernhauses Z\u00fcrich\u00a0 im Alter von 55 Jahren den Folgen einer schweren Krankheit erlegen.<\/span><\/p>\n","protected":false},"author":1,"featured_media":0,"comment_status":"open","ping_status":"open","sticky":false,"template":"","format":"standard","meta":{"footnotes":""},"categories":[2],"tags":[],"class_list":["post-3340","post","type-post","status-publish","format-standard","hentry","category-nachrichten","entry"],"_links":{"self":[{"href":"https:\/\/codexflores.ch\/index.php\/wp-json\/wp\/v2\/posts\/3340","targetHints":{"allow":["GET"]}}],"collection":[{"href":"https:\/\/codexflores.ch\/index.php\/wp-json\/wp\/v2\/posts"}],"about":[{"href":"https:\/\/codexflores.ch\/index.php\/wp-json\/wp\/v2\/types\/post"}],"author":[{"embeddable":true,"href":"https:\/\/codexflores.ch\/index.php\/wp-json\/wp\/v2\/users\/1"}],"replies":[{"embeddable":true,"href":"https:\/\/codexflores.ch\/index.php\/wp-json\/wp\/v2\/comments?post=3340"}],"version-history":[{"count":0,"href":"https:\/\/codexflores.ch\/index.php\/wp-json\/wp\/v2\/posts\/3340\/revisions"}],"wp:attachment":[{"href":"https:\/\/codexflores.ch\/index.php\/wp-json\/wp\/v2\/media?parent=3340"}],"wp:term":[{"taxonomy":"category","embeddable":true,"href":"https:\/\/codexflores.ch\/index.php\/wp-json\/wp\/v2\/categories?post=3340"},{"taxonomy":"post_tag","embeddable":true,"href":"https:\/\/codexflores.ch\/index.php\/wp-json\/wp\/v2\/tags?post=3340"}],"curies":[{"name":"wp","href":"https:\/\/api.w.org\/{rel}","templated":true}]}}