{"id":3341,"date":"2017-10-11T05:54:21","date_gmt":"2017-10-11T05:54:21","guid":{"rendered":"https:\/\/codexflores.ch\/index.php\/2017\/10\/11\/brigitte-fassbaender-erhaelt-echo-fuer-ihr-lebenswerk\/"},"modified":"2017-10-11T05:54:21","modified_gmt":"2017-10-11T05:54:21","slug":"brigitte-fassbaender-erhaelt-echo-fuer-ihr-lebenswerk","status":"publish","type":"post","link":"https:\/\/codexflores.ch\/index.php\/2017\/10\/11\/brigitte-fassbaender-erhaelt-echo-fuer-ihr-lebenswerk\/","title":{"rendered":"Brigitte Fassbaender erh\u00e4lt Echo f\u00fcr ihr Lebenswerk"},"content":{"rendered":"<p><span style=\"font-family: arial,helvetica,sans-serif; font-size: small;\">11.10.2017 &#8212; Der Echo Klassik in der Kategorie Lebenswerk geht in diesem Jahr an Brigitte Fassbaender. Die Deutsche Phono-Akademie ehrt die S\u00e4ngerin, Regisseurin, Autorin und P\u00e4dagogin als \u00abeine der vielf\u00e4ltigsten und zugleich bedeutendsten K\u00fcnstlerpers\u00f6nlichkeiten unserer Zeit\u00bb.<\/span><\/p>\n<p><span style=\"font-family: arial,helvetica,sans-serif; font-size: small;\"><strong>11.10.2017 &#8212; Der Echo Klassik in der Kategorie Lebenswerk geht in diesem Jahr an Brigitte Fassbaender. Die Deutsche Phono-Akademie ehrt die S\u00e4ngerin, Regisseurin, Autorin und P\u00e4dagogin als \u00abeine der vielf\u00e4ltigsten und zugleich bedeutendsten K\u00fcnstlerpers\u00f6nlichkeiten unserer Zeit\u00bb.<\/strong><\/span><\/p>\n<p><span style=\"font-family: arial,helvetica,sans-serif; font-size: small;\">\u00a0<\/span><\/p>\n<p><span style=\"font-family: arial,helvetica,sans-serif; font-size: small;\">Brigitte Fassbaender studierte von 1958 bis 1961 am Konservatorium in N\u00fcrnberg, ab 1961 geh\u00f6rte sie zum Ensemble der Bayerischen Staatsoper in M\u00fcnchen. Dar\u00fcber hinaus sang sie an den bedeutendsten Opernh\u00e4usern der Welt, unter anderem an der Mail\u00e4nder Scala, der Metropolitan Opera in New York, der Wiener Staatsoper und der Op\u00e9ra National de Paris. <\/span><\/p>\n<p>\u00a0<\/p>\n<p><span style=\"font-family: arial,helvetica,sans-serif; font-size: small;\">Ihre Operninterpretationen zeichneten sich durch eine einmalige Verbindung von aussergew\u00f6hnlicher gesanglicher Qualit\u00e4t und schauspielerischer Durchdringung ihrer Rollen aus. Auch als Konzert- und Lieds\u00e4ngerin setzte sie nachhaltige Akzente. Als erste Frau \u00fcberhaupt nahm sie die grossen Liederzyklen von Franz Schubert f\u00fcr die Schallplatte auf. <\/span><\/p>\n<p>\u00a0<\/p>\n<p><span style=\"font-family: arial,helvetica,sans-serif; font-size: small;\">Seit ihrem R\u00fcckzug als aktive S\u00e4ngerin 1994 ist Fassbaender als Regisseurin f\u00fcr Musik- und Sprechtheater t\u00e4tig. Sie arbeitete als Intendantin und Operndirektorin in Deutschland und \u00d6sterreich. Von 2009 bis zum Sommer dieses Jahres war sie k\u00fcnstlerische Leiterin des Richard-Strauss-Festivals von Garmisch-Partenkirchen.\u00a0 <em>(pd)<\/em><\/span><\/p>\n<p><span style=\"font-family: arial,helvetica,sans-serif; font-size: small;\">\u00a0<\/span><\/p>\n","protected":false},"excerpt":{"rendered":"<p><span style=\"font-family: arial,helvetica,sans-serif; font-size: small;\">11.10.2017 &#8212; Der Echo Klassik in der Kategorie Lebenswerk geht in diesem Jahr an Brigitte Fassbaender. Die Deutsche Phono-Akademie ehrt die S\u00e4ngerin, Regisseurin, Autorin und P\u00e4dagogin als \u00abeine der vielf\u00e4ltigsten und zugleich bedeutendsten K\u00fcnstlerpers\u00f6nlichkeiten unserer Zeit\u00bb.<\/span><\/p>\n","protected":false},"author":1,"featured_media":0,"comment_status":"open","ping_status":"open","sticky":false,"template":"","format":"standard","meta":{"footnotes":""},"categories":[2],"tags":[],"class_list":["post-3341","post","type-post","status-publish","format-standard","hentry","category-nachrichten","entry"],"_links":{"self":[{"href":"https:\/\/codexflores.ch\/index.php\/wp-json\/wp\/v2\/posts\/3341","targetHints":{"allow":["GET"]}}],"collection":[{"href":"https:\/\/codexflores.ch\/index.php\/wp-json\/wp\/v2\/posts"}],"about":[{"href":"https:\/\/codexflores.ch\/index.php\/wp-json\/wp\/v2\/types\/post"}],"author":[{"embeddable":true,"href":"https:\/\/codexflores.ch\/index.php\/wp-json\/wp\/v2\/users\/1"}],"replies":[{"embeddable":true,"href":"https:\/\/codexflores.ch\/index.php\/wp-json\/wp\/v2\/comments?post=3341"}],"version-history":[{"count":0,"href":"https:\/\/codexflores.ch\/index.php\/wp-json\/wp\/v2\/posts\/3341\/revisions"}],"wp:attachment":[{"href":"https:\/\/codexflores.ch\/index.php\/wp-json\/wp\/v2\/media?parent=3341"}],"wp:term":[{"taxonomy":"category","embeddable":true,"href":"https:\/\/codexflores.ch\/index.php\/wp-json\/wp\/v2\/categories?post=3341"},{"taxonomy":"post_tag","embeddable":true,"href":"https:\/\/codexflores.ch\/index.php\/wp-json\/wp\/v2\/tags?post=3341"}],"curies":[{"name":"wp","href":"https:\/\/api.w.org\/{rel}","templated":true}]}}