{"id":3350,"date":"2017-10-25T06:02:15","date_gmt":"2017-10-25T06:02:15","guid":{"rendered":"https:\/\/codexflores.ch\/index.php\/2017\/10\/25\/joana-mallwitz-wird-gmd-in-nuernberg\/"},"modified":"2017-10-25T06:02:15","modified_gmt":"2017-10-25T06:02:15","slug":"joana-mallwitz-wird-gmd-in-nuernberg","status":"publish","type":"post","link":"https:\/\/codexflores.ch\/index.php\/2017\/10\/25\/joana-mallwitz-wird-gmd-in-nuernberg\/","title":{"rendered":"Joana Mallwitz wird GMD in N\u00fcrnberg"},"content":{"rendered":"<p><span style=\"font-family: arial,helvetica,sans-serif; font-size: small;\">25.10.2017 &#8212; Die Staatsphilharmonie N\u00fcrnberg hat ab der Saison 2018\/2019 mit Joana Mallwitz eine Generalmusikdirektorin. Ihr Vertrag l\u00e4uft \u00fcber f\u00fcnf Jahre. In Z\u00fcrich dirigierte sie 2016\u00a0\u00abMacbeth\u00bb. <\/span><\/p>\n<p><span style=\"font-family: arial,helvetica,sans-serif; font-size: small;\"><strong>25.10.2017 &#8212; Die Staatsphilharmonie N\u00fcrnberg hat ab der Saison 2018\/2019 mit Joana Mallwitz eine Generalmusikdirektorin. Ihr Vertrag l\u00e4uft \u00fcber f\u00fcnf Jahre. In Z\u00fcrich dirigierte sie 2016\u00a0\u00abMacbeth\u00bb.<\/strong><\/span><\/p>\n<p>\u00a0<\/p>\n<p><span style=\"font-family: arial,helvetica,sans-serif; font-size: small;\">Mit der Verpflichtung von Joana Mallwitz als neuer Generalmusikdirektorin des Staatstheaters ist die k\u00fcnftige Theaterleitung komplett. Jens-Daniel Herzog stellte die neue Orchesterchefin als \u00abeine Dirigentin mit souver\u00e4ner Technik vor, die in der Musikszene einen hervorragenden Ruf geniesst\u00bb. Die international gefragte K\u00fcnstlerin habe sich in ihrer Zeit als GMD am Theater Erfurt als Theaterpraktikerin ausgewiesen, die einem Orchester sowohl Sicherheit als auch k\u00fcnstlerische Visionen vermitteln kann.<\/span><\/p>\n<p><span style=\"font-family: arial,helvetica,sans-serif; font-size: small;\">\u00a0<\/span><\/p>\n<p><span style=\"font-family: arial,helvetica,sans-serif; font-size: small;\">Joana Mallwitz\u00a0studierte Klavier und Dirigieren an der Musikhochschule Hannover. Seit Beginn der Spielzeit 2014\/15 ist sie Generalmusikdirektorin des Theaters Erfurt. Davor war sie von 2006 bis 2007 als Solorepetitorin mit Dirigierverpflichtung am Theater der Stadt Heidelberg und von 2007 bis 2011 ebenda als Zweite Kapellmeisterin und Assistentin des Generalmusikdirektors Cornelius Meister t\u00e4tig. (cf)\u00a0<\/span><\/p>\n<p><span style=\"font-family: arial,helvetica,sans-serif; font-size: small;\">\u00a0<\/span><\/p>\n","protected":false},"excerpt":{"rendered":"<p><span style=\"font-family: arial,helvetica,sans-serif; font-size: small;\">25.10.2017 &#8212; Die Staatsphilharmonie N\u00fcrnberg hat ab der Saison 2018\/2019 mit Joana Mallwitz eine Generalmusikdirektorin. Ihr Vertrag l\u00e4uft \u00fcber f\u00fcnf Jahre. In Z\u00fcrich dirigierte sie 2016\u00a0\u00abMacbeth\u00bb. <\/span><\/p>\n","protected":false},"author":1,"featured_media":0,"comment_status":"open","ping_status":"open","sticky":false,"template":"","format":"standard","meta":{"footnotes":""},"categories":[2],"tags":[],"class_list":["post-3350","post","type-post","status-publish","format-standard","hentry","category-nachrichten","entry"],"_links":{"self":[{"href":"https:\/\/codexflores.ch\/index.php\/wp-json\/wp\/v2\/posts\/3350","targetHints":{"allow":["GET"]}}],"collection":[{"href":"https:\/\/codexflores.ch\/index.php\/wp-json\/wp\/v2\/posts"}],"about":[{"href":"https:\/\/codexflores.ch\/index.php\/wp-json\/wp\/v2\/types\/post"}],"author":[{"embeddable":true,"href":"https:\/\/codexflores.ch\/index.php\/wp-json\/wp\/v2\/users\/1"}],"replies":[{"embeddable":true,"href":"https:\/\/codexflores.ch\/index.php\/wp-json\/wp\/v2\/comments?post=3350"}],"version-history":[{"count":0,"href":"https:\/\/codexflores.ch\/index.php\/wp-json\/wp\/v2\/posts\/3350\/revisions"}],"wp:attachment":[{"href":"https:\/\/codexflores.ch\/index.php\/wp-json\/wp\/v2\/media?parent=3350"}],"wp:term":[{"taxonomy":"category","embeddable":true,"href":"https:\/\/codexflores.ch\/index.php\/wp-json\/wp\/v2\/categories?post=3350"},{"taxonomy":"post_tag","embeddable":true,"href":"https:\/\/codexflores.ch\/index.php\/wp-json\/wp\/v2\/tags?post=3350"}],"curies":[{"name":"wp","href":"https:\/\/api.w.org\/{rel}","templated":true}]}}