{"id":3358,"date":"2017-11-13T07:02:38","date_gmt":"2017-11-13T07:02:38","guid":{"rendered":"https:\/\/codexflores.ch\/index.php\/2017\/11\/13\/finanzierung-des-11-europaeischen-jugendchor-festivals-basel-gesichert\/"},"modified":"2017-11-13T07:02:38","modified_gmt":"2017-11-13T07:02:38","slug":"finanzierung-des-11-europaeischen-jugendchor-festivals-basel-gesichert","status":"publish","type":"post","link":"https:\/\/codexflores.ch\/index.php\/2017\/11\/13\/finanzierung-des-11-europaeischen-jugendchor-festivals-basel-gesichert\/","title":{"rendered":"Finanzierung des 11. Europ\u00e4ischen Jugendchor Festivals Basel gesichert"},"content":{"rendered":"<p><span style=\"font-family: arial,helvetica,sans-serif; font-size: small;\">13.11.2017 &#8212; Die Finanzierung des 11. Europ\u00e4ischen Jugendchor Festival Basel (EJCF) \u2013 es findet \u00fcber die Auf\u00adfahrtstage vom 9. Mai &#8211; 13. Mai 2018 in Basel und der Region statt \u2013 ist gesichert. Es werden noch Freiwillige gesucht, die mithelfen, Ideen umzusetzen.<\/span><\/p>\n<p><span style=\"font-family: arial,helvetica,sans-serif; font-size: small;\"><strong>13.11.2017 &#8212; Die Finanzierung des 11. Europ\u00e4ischen Jugendchor Festival Basel (EJCF) \u2013 es findet \u00fcber die Auf\u00adfahrtstage vom 9. Mai &#8211; 13. Mai 2018 in Basel und der Region statt \u2013 ist gesichert. Es werden noch Freiwillige gesucht, die mithelfen, Ideen umzusetzen.<\/strong><\/span><\/p>\n<p><span style=\"font-family: arial,helvetica,sans-serif; font-size: small;\">\u00a0<\/span><\/p>\n<p><span style=\"font-family: arial,helvetica,sans-serif; font-size: small;\">Erwartet werden knapp 500 Singende aus ganz Europa. Sie treffen auf rund 1500 Kinder und Jugendliche aus allen Landesregionen der Schweiz. Die Pr\u00e4sentation von achtzehn Jugendch\u00f6ren, selektioniert aus Gewinnern von Chorwettbewerben auf der ganzen Welt, verbunden mit Gastfreundschaft, Begegnung und breit angelegter Singf\u00f6rderung, ist ein Erfolgsrezept.<\/span><\/p>\n<p><span style=\"font-family: arial,helvetica,sans-serif; font-size: small;\">\u00a0<\/span><\/p>\n<p><span style=\"font-family: arial,helvetica,sans-serif; font-size: small;\">Aktuell suchen die Veranstalter f\u00fcr das Festival 2018 wieder Freiwillige, die sich mindestens drei Tage engagieren m\u00f6chten. Anmeldungen werden unter Tel. 061 401 21 00 oder \u00fcber die Webseite <a href=\"http:\/\/www.ejcf.ch\" target=\"_blank\" rel=\"noopener noreferrer\">www.ejcf.ch<\/a> entgegengenommen. <em>(cf)<\/em><\/span><\/p>\n","protected":false},"excerpt":{"rendered":"<p><span style=\"font-family: arial,helvetica,sans-serif; font-size: small;\">13.11.2017 &#8212; Die Finanzierung des 11. Europ\u00e4ischen Jugendchor Festival Basel (EJCF) \u2013 es findet \u00fcber die Auf\u00adfahrtstage vom 9. Mai &#8211; 13. Mai 2018 in Basel und der Region statt \u2013 ist gesichert. Es werden noch Freiwillige gesucht, die mithelfen, Ideen umzusetzen.<\/span><\/p>\n","protected":false},"author":1,"featured_media":0,"comment_status":"open","ping_status":"open","sticky":false,"template":"","format":"standard","meta":{"footnotes":""},"categories":[2],"tags":[],"class_list":["post-3358","post","type-post","status-publish","format-standard","hentry","category-nachrichten","entry"],"_links":{"self":[{"href":"https:\/\/codexflores.ch\/index.php\/wp-json\/wp\/v2\/posts\/3358","targetHints":{"allow":["GET"]}}],"collection":[{"href":"https:\/\/codexflores.ch\/index.php\/wp-json\/wp\/v2\/posts"}],"about":[{"href":"https:\/\/codexflores.ch\/index.php\/wp-json\/wp\/v2\/types\/post"}],"author":[{"embeddable":true,"href":"https:\/\/codexflores.ch\/index.php\/wp-json\/wp\/v2\/users\/1"}],"replies":[{"embeddable":true,"href":"https:\/\/codexflores.ch\/index.php\/wp-json\/wp\/v2\/comments?post=3358"}],"version-history":[{"count":0,"href":"https:\/\/codexflores.ch\/index.php\/wp-json\/wp\/v2\/posts\/3358\/revisions"}],"wp:attachment":[{"href":"https:\/\/codexflores.ch\/index.php\/wp-json\/wp\/v2\/media?parent=3358"}],"wp:term":[{"taxonomy":"category","embeddable":true,"href":"https:\/\/codexflores.ch\/index.php\/wp-json\/wp\/v2\/categories?post=3358"},{"taxonomy":"post_tag","embeddable":true,"href":"https:\/\/codexflores.ch\/index.php\/wp-json\/wp\/v2\/tags?post=3358"}],"curies":[{"name":"wp","href":"https:\/\/api.w.org\/{rel}","templated":true}]}}