{"id":3362,"date":"2017-11-20T10:02:06","date_gmt":"2017-11-20T10:02:06","guid":{"rendered":"https:\/\/codexflores.ch\/index.php\/2017\/11\/20\/die-umwegrentabilitaet-des-lucerne-festivals\/"},"modified":"2017-11-20T10:02:06","modified_gmt":"2017-11-20T10:02:06","slug":"die-umwegrentabilitaet-des-lucerne-festivals","status":"publish","type":"post","link":"https:\/\/codexflores.ch\/index.php\/2017\/11\/20\/die-umwegrentabilitaet-des-lucerne-festivals\/","title":{"rendered":"Die Umwegrentabilit\u00e4t des Lucerne Festivals"},"content":{"rendered":"<p><span style=\"font-family: arial, helvetica, sans-serif; font-size: small;\">20.11.2017 &#8212; Laut einer Studie der Universit\u00e4t St. Gallen bel\u00e4uft sich der volkswirtschaftliche Mehrwert, den Lucerne Festival in der Region schafft, auf j\u00e4hrlich rund 22,6 Millionen Franken.<\/span><\/p>\n<p><span style=\"font-family: arial, helvetica, sans-serif; font-size: small;\"><strong>20.11.2017 &#8212; Laut einer Studie der Universit\u00e4t St. Gallen bel\u00e4uft sich der volkswirtschaftliche Mehrwert, den Lucerne Festival in der Region schafft, auf j\u00e4hrlich rund 22,6 Millionen Franken.<\/strong><\/span><\/p>\n<p><span style=\"font-family: arial, helvetica, sans-serif; font-size: small;\">\u00a0<\/span><\/p>\n<p><span style=\"font-family: arial, helvetica, sans-serif; font-size: small;\">Auf weitere 1.1 Millionen Franken bel\u00e4uft sich der Werbewert der Festival-Berichterstattung in ausl\u00e4ndischen Medien, welcher der Tourismus-Destination Luzern zugutekommt.<\/span><\/p>\n<p><span style=\"font-family: arial, helvetica, sans-serif; font-size: small;\">\u00a0<\/span><\/p>\n<p><span style=\"font-family: arial, helvetica, sans-serif; font-size: small;\">Die jetzt vorgestellte Studie \u00fcber die Aktivit\u00e4ten von Lucerne Festival im Jahr 2015 ist die dritte nach 2001 und 2009, als jeweils der volkswirtschaftliche Nutzen von Lucerne Festival in den Vorjahren, 2000 und 2008, untersucht worden war. <\/span><\/p>\n<p>\u00a0<\/p>\n<p><span style=\"font-family: arial, helvetica, sans-serif; font-size: small;\">Der Studie des Instituts f\u00fcr Systemisches Management und Public Governance der Universit\u00e4t St. Gallen zufolge, profitieren Stadt und Kanton Luzern j\u00e4hrlich mit rund 22.6 Millionen Franken von Lucerne Festival. Davon entfallen 21.4 Millionen auf Konsumausgaben, welche in die Luzerner Wirtschaft fliessen, und 1.2 Millionen sind Steuerabgaben an die \u00f6ffentliche Hand.\u00a0<em> (pd)<\/em><\/span><\/p>\n","protected":false},"excerpt":{"rendered":"<p><span style=\"font-family: arial, helvetica, sans-serif; font-size: small;\">20.11.2017 &#8212; Laut einer Studie der Universit\u00e4t St. Gallen bel\u00e4uft sich der volkswirtschaftliche Mehrwert, den Lucerne Festival in der Region schafft, auf j\u00e4hrlich rund 22,6 Millionen Franken.<\/span><\/p>\n","protected":false},"author":1,"featured_media":0,"comment_status":"open","ping_status":"open","sticky":false,"template":"","format":"standard","meta":{"footnotes":""},"categories":[2],"tags":[],"class_list":["post-3362","post","type-post","status-publish","format-standard","hentry","category-nachrichten","entry"],"_links":{"self":[{"href":"https:\/\/codexflores.ch\/index.php\/wp-json\/wp\/v2\/posts\/3362","targetHints":{"allow":["GET"]}}],"collection":[{"href":"https:\/\/codexflores.ch\/index.php\/wp-json\/wp\/v2\/posts"}],"about":[{"href":"https:\/\/codexflores.ch\/index.php\/wp-json\/wp\/v2\/types\/post"}],"author":[{"embeddable":true,"href":"https:\/\/codexflores.ch\/index.php\/wp-json\/wp\/v2\/users\/1"}],"replies":[{"embeddable":true,"href":"https:\/\/codexflores.ch\/index.php\/wp-json\/wp\/v2\/comments?post=3362"}],"version-history":[{"count":0,"href":"https:\/\/codexflores.ch\/index.php\/wp-json\/wp\/v2\/posts\/3362\/revisions"}],"wp:attachment":[{"href":"https:\/\/codexflores.ch\/index.php\/wp-json\/wp\/v2\/media?parent=3362"}],"wp:term":[{"taxonomy":"category","embeddable":true,"href":"https:\/\/codexflores.ch\/index.php\/wp-json\/wp\/v2\/categories?post=3362"},{"taxonomy":"post_tag","embeddable":true,"href":"https:\/\/codexflores.ch\/index.php\/wp-json\/wp\/v2\/tags?post=3362"}],"curies":[{"name":"wp","href":"https:\/\/api.w.org\/{rel}","templated":true}]}}