{"id":3363,"date":"2017-11-21T06:52:59","date_gmt":"2017-11-21T06:52:59","guid":{"rendered":"https:\/\/codexflores.ch\/index.php\/2017\/11\/21\/bayerische-staatsoper-vor-und-nach-1945\/"},"modified":"2017-11-21T06:52:59","modified_gmt":"2017-11-21T06:52:59","slug":"bayerische-staatsoper-vor-und-nach-1945","status":"publish","type":"post","link":"https:\/\/codexflores.ch\/index.php\/2017\/11\/21\/bayerische-staatsoper-vor-und-nach-1945\/","title":{"rendered":"Bayerische Staatsoper vor und nach 1945"},"content":{"rendered":"<p><span style=\"font-family: arial, helvetica, sans-serif; font-size: small;\">21.11.2017 &#8212; Die Bayerischen Staatsoper hat sich der Erforschung der Geschichte des Hauses zwischen 1933 und 1963 gewidmet. Nach vier Jahren intensiver Recherche pr\u00e4sentiert nun ein Buch die Ergebnisse des Forschungsprojekts.<\/span><\/p>\n<p><span style=\"font-family: arial, helvetica, sans-serif; font-size: small;\"><strong>21.11.2017 &#8212; Die Bayerischen Staatsoper hat sich der Erforschung der Geschichte des Hauses zwischen 1933 und 1963 gewidmet. Nach vier Jahren intensiver Recherche pr\u00e4sentiert nun ein Buch die Ergebnisse des Forschungsprojekts.<\/strong><\/span><\/p>\n<p><span style=\"font-family: arial, helvetica, sans-serif; font-size: small;\">\u00a0<\/span><\/p>\n<p><span style=\"font-family: arial, helvetica, sans-serif; font-size: small;\">J\u00fcrgen Schl\u00e4der, Rasmus Cromme, Dominik Frank und Katrin Fr\u00fchinsfeld vom Institut f\u00fcr Theaterwissenschaft der Ludwig-Maximilians-Universit\u00e4t M\u00fcnchen haben im Auftrag der Oper die Kontinuit\u00e4ten und Br\u00fcche jener entscheidenden Zeit untersucht. Erstmals wurde damit auch die Nachkriegszeit in die Forschung mit einbezogen. Es widmet sich den Akteuren an der Bayerischen Staatsoper vor und nach 1945, zu denen unter anderem Richard Strauss, Clemens Krauss, Carl Orff, Hans Knappertsbusch und Rudolf Hartmann z\u00e4hlten.<\/span><\/p>\n<p><span style=\"font-family: arial, helvetica, sans-serif; font-size: small;\">\u00a0<\/span><\/p>\n<p><span style=\"font-family: arial, helvetica, sans-serif; font-size: small;\">Zudem wird etwa der lange untersch\u00e4tzte Nachkriegsintendant Georg Hartmann in neuem Licht gezeigt. Einmalig und neu: die Untersuchung der \u00e4sthetischen Dimension der Auff\u00fchrungen in den Jahren 1933 bis 1963 und das entsprechende programmatische Kunstverst\u00e4ndnis der Akteure.<\/span><\/p>\n<p><span style=\"font-family: arial, helvetica, sans-serif; font-size: small;\"><strong>Info:<\/strong><\/span><br \/><span style=\"font-family: arial, helvetica, sans-serif; font-size: small;\">J\u00fcrgen Schl\u00e4der u.a.: <em>Wie man wird, was man ist. Die Bayerische Staatsoper vor und nach 1945<\/em>, Henschel-Verlag<\/span><\/p>\n","protected":false},"excerpt":{"rendered":"<p><span style=\"font-family: arial, helvetica, sans-serif; font-size: small;\">21.11.2017 &#8212; Die Bayerischen Staatsoper hat sich der Erforschung der Geschichte des Hauses zwischen 1933 und 1963 gewidmet. Nach vier Jahren intensiver Recherche pr\u00e4sentiert nun ein Buch die Ergebnisse des Forschungsprojekts.<\/span><\/p>\n","protected":false},"author":1,"featured_media":0,"comment_status":"open","ping_status":"open","sticky":false,"template":"","format":"standard","meta":{"footnotes":""},"categories":[2],"tags":[],"class_list":["post-3363","post","type-post","status-publish","format-standard","hentry","category-nachrichten","entry"],"_links":{"self":[{"href":"https:\/\/codexflores.ch\/index.php\/wp-json\/wp\/v2\/posts\/3363","targetHints":{"allow":["GET"]}}],"collection":[{"href":"https:\/\/codexflores.ch\/index.php\/wp-json\/wp\/v2\/posts"}],"about":[{"href":"https:\/\/codexflores.ch\/index.php\/wp-json\/wp\/v2\/types\/post"}],"author":[{"embeddable":true,"href":"https:\/\/codexflores.ch\/index.php\/wp-json\/wp\/v2\/users\/1"}],"replies":[{"embeddable":true,"href":"https:\/\/codexflores.ch\/index.php\/wp-json\/wp\/v2\/comments?post=3363"}],"version-history":[{"count":0,"href":"https:\/\/codexflores.ch\/index.php\/wp-json\/wp\/v2\/posts\/3363\/revisions"}],"wp:attachment":[{"href":"https:\/\/codexflores.ch\/index.php\/wp-json\/wp\/v2\/media?parent=3363"}],"wp:term":[{"taxonomy":"category","embeddable":true,"href":"https:\/\/codexflores.ch\/index.php\/wp-json\/wp\/v2\/categories?post=3363"},{"taxonomy":"post_tag","embeddable":true,"href":"https:\/\/codexflores.ch\/index.php\/wp-json\/wp\/v2\/tags?post=3363"}],"curies":[{"name":"wp","href":"https:\/\/api.w.org\/{rel}","templated":true}]}}