{"id":3365,"date":"2017-11-23T06:50:01","date_gmt":"2017-11-23T06:50:01","guid":{"rendered":"https:\/\/codexflores.ch\/index.php\/2017\/11\/23\/verschollene-maerchenoper-wiederentdeckt\/"},"modified":"2017-11-23T06:50:01","modified_gmt":"2017-11-23T06:50:01","slug":"verschollene-maerchenoper-wiederentdeckt","status":"publish","type":"post","link":"https:\/\/codexflores.ch\/index.php\/2017\/11\/23\/verschollene-maerchenoper-wiederentdeckt\/","title":{"rendered":"Verschollene M\u00e4rchenoper wiederentdeckt"},"content":{"rendered":"<p><span style=\"font-family: arial, helvetica, sans-serif; font-size: small;\">23.11.2017 &#8212; Auf dem Dachboden der Murhardschen Bibliothek in Kassel ist die seit Jahrzehnten verschollene Orchesterfassung der M\u00e4rchenoper \u00abG\u00e4nseliesel\u00bb von Luise Greger (1862 \u2013 1944) wiederentdeckt worden.<\/span><\/p>\n<p><span style=\"font-family: arial, helvetica, sans-serif; font-size: small;\"><strong>23.11.2017 &#8212; Auf dem Dachboden der Murhardschen Bibliothek in Kassel ist die seit Jahrzehnten verschollene Orchesterfassung der M\u00e4rchenoper \u00abG\u00e4nseliesel\u00bb von Luise Greger (1862 \u2013 1944) wiederentdeckt worden.<\/strong><\/span><\/p>\n<p><span style=\"font-family: arial, helvetica, sans-serif; font-size: small;\">\u00a0<\/span><\/p>\n<p><span style=\"font-family: arial, helvetica, sans-serif; font-size: small;\">Bekannt war bisher lediglich ein Klavierauszug der im Dezember 1933 in Baden-Baden uraufgef\u00fchrten M\u00e4rchenoper. Dieser hatte 2012 als Grundlage f\u00fcr die Rekonstruktion und kammermusikalische Auff\u00fchrung des St\u00fccks in Kassel gedient. Der \u00fcberraschende Fund, im Jahre ihres 155. Geburtstags, stammt aus dem Sp\u00e4twerk der produktiven und beliebten Kasseler Komponistin und Kammers\u00e4ngerin.<\/span><\/p>\n<p>\u00a0<\/p>\n<p><span style=\"font-family: arial, helvetica, sans-serif; font-size: small;\">Luise Greger besuchte in den 1880er Jahren die K\u00f6nigliche Musikhochschule in Berlin. Sie heiratete 1888 den Arzt Ludwig Greger. 1894 er\u00f6ffnete das Paar eine Kuranstalt. Nach ihrer Scheidung 1911 wirkte sie wieder verst\u00e4rkt als S\u00e4ngerin, Pianistin und Liedkomponistin. Im Dezember 1943 wurde sie im Rahmen des nationalsozialistischen Euthanasieprogramms mit einem Sammeltransport in die psychiatrische Anstalt Merxhausen verlegt, wo sie infolge gezielter Unterversorgung im Januar 1944 starb. <em> (pd)<\/em><\/span><\/p>\n<p>\u00a0<\/p>\n","protected":false},"excerpt":{"rendered":"<p><span style=\"font-family: arial, helvetica, sans-serif; font-size: small;\">23.11.2017 &#8212; Auf dem Dachboden der Murhardschen Bibliothek in Kassel ist die seit Jahrzehnten verschollene Orchesterfassung der M\u00e4rchenoper \u00abG\u00e4nseliesel\u00bb von Luise Greger (1862 \u2013 1944) wiederentdeckt worden.<\/span><\/p>\n","protected":false},"author":1,"featured_media":0,"comment_status":"open","ping_status":"open","sticky":false,"template":"","format":"standard","meta":{"footnotes":""},"categories":[2],"tags":[],"class_list":["post-3365","post","type-post","status-publish","format-standard","hentry","category-nachrichten","entry"],"_links":{"self":[{"href":"https:\/\/codexflores.ch\/index.php\/wp-json\/wp\/v2\/posts\/3365","targetHints":{"allow":["GET"]}}],"collection":[{"href":"https:\/\/codexflores.ch\/index.php\/wp-json\/wp\/v2\/posts"}],"about":[{"href":"https:\/\/codexflores.ch\/index.php\/wp-json\/wp\/v2\/types\/post"}],"author":[{"embeddable":true,"href":"https:\/\/codexflores.ch\/index.php\/wp-json\/wp\/v2\/users\/1"}],"replies":[{"embeddable":true,"href":"https:\/\/codexflores.ch\/index.php\/wp-json\/wp\/v2\/comments?post=3365"}],"version-history":[{"count":0,"href":"https:\/\/codexflores.ch\/index.php\/wp-json\/wp\/v2\/posts\/3365\/revisions"}],"wp:attachment":[{"href":"https:\/\/codexflores.ch\/index.php\/wp-json\/wp\/v2\/media?parent=3365"}],"wp:term":[{"taxonomy":"category","embeddable":true,"href":"https:\/\/codexflores.ch\/index.php\/wp-json\/wp\/v2\/categories?post=3365"},{"taxonomy":"post_tag","embeddable":true,"href":"https:\/\/codexflores.ch\/index.php\/wp-json\/wp\/v2\/tags?post=3365"}],"curies":[{"name":"wp","href":"https:\/\/api.w.org\/{rel}","templated":true}]}}