{"id":3368,"date":"2017-11-28T07:06:03","date_gmt":"2017-11-28T07:06:03","guid":{"rendered":"https:\/\/codexflores.ch\/index.php\/2017\/11\/28\/72-concours-de-geneve-gewinner-des-kompositionswettbewerbs\/"},"modified":"2017-11-28T07:06:03","modified_gmt":"2017-11-28T07:06:03","slug":"72-concours-de-geneve-gewinner-des-kompositionswettbewerbs","status":"publish","type":"post","link":"https:\/\/codexflores.ch\/index.php\/2017\/11\/28\/72-concours-de-geneve-gewinner-des-kompositionswettbewerbs\/","title":{"rendered":"72. Concours de Gen\u00e8ve: Gewinner des Kompositionswettbewerbs"},"content":{"rendered":"<p><span style=\"font-family: arial, helvetica, sans-serif; font-size: small;\">28.11.2017 &#8212; Der 23-j\u00e4hrige Koreaner Jaehyuck Choi ist Gewinner des Kompositionswettbewerbs des 72. Concours de Gen\u00e8ve. Zweitplatziert ist der 32-j\u00e4hrige Israeli Yair Klartag.<\/span><\/p>\n<p><span style=\"font-family: arial, helvetica, sans-serif; font-size: small;\"><strong>28.11.2017 &#8212; Der 23-j\u00e4hrige Koreaner Jaehyuck Choi ist Gewinner des Kompositionswettbewerbs des 72. Concours de Gen\u00e8ve. Zweitplatziert ist der 32-j\u00e4hrige Israeli Yair Klartag.<\/strong><\/span><\/p>\n<p><span style=\"font-family: arial, helvetica, sans-serif; font-size: small;\">\u00a0<\/span><\/p>\n<p><span style=\"font-family: arial, helvetica, sans-serif; font-size: small;\">Jaehyuck Choi \u00fcbezeugte die Jury mit einem Klarinettenkonzert (\u00abNocturne III \u00bb), Yair Klartag mit seinem Werk \u00abBocca Chiusa\u00bb. Die Jury des Wettbewerbs bestand aus\u00a0Matthias Pintscher (Pr\u00e4sident), Unsuk Chin, Xavier Dayer, Magnus Lindberg und Ichiro Nodaira. Der erste Preis ist mit 15&#8217;000 Franken, der zweite mit 10&#8217;000 Franken dotiert.<\/span><\/p>\n<p><span style=\"font-family: arial, helvetica, sans-serif; font-size: small;\">\u00a0<\/span><\/p>\n<p><span style=\"font-family: arial, helvetica, sans-serif; font-size: small;\">Der Publikumspreis und der Preis des jungen Publikums gingen an den Koreaner Hankyeol Yoon, der Preis der Studierenden an Yair Klartag. Die drei Ausgezeichneten erhalten \u00fcberdies den Auftrag, f\u00fcr den Concours Menuhin 2018 ein Solowerk f\u00fcr Violine zu schreiben. <em>(cf)<\/em><\/span><\/p>\n<p><span style=\"font-family: arial, helvetica, sans-serif; font-size: small;\">\u00a0<\/span><\/p>\n<p><span style=\"font-family: arial, helvetica, sans-serif; font-size: small;\">\u00a0<\/span><\/p>\n","protected":false},"excerpt":{"rendered":"<p><span style=\"font-family: arial, helvetica, sans-serif; font-size: small;\">28.11.2017 &#8212; Der 23-j\u00e4hrige Koreaner Jaehyuck Choi ist Gewinner des Kompositionswettbewerbs des 72. Concours de Gen\u00e8ve. Zweitplatziert ist der 32-j\u00e4hrige Israeli Yair Klartag.<\/span><\/p>\n","protected":false},"author":1,"featured_media":0,"comment_status":"open","ping_status":"open","sticky":false,"template":"","format":"standard","meta":{"footnotes":""},"categories":[2],"tags":[],"class_list":["post-3368","post","type-post","status-publish","format-standard","hentry","category-nachrichten","entry"],"_links":{"self":[{"href":"https:\/\/codexflores.ch\/index.php\/wp-json\/wp\/v2\/posts\/3368","targetHints":{"allow":["GET"]}}],"collection":[{"href":"https:\/\/codexflores.ch\/index.php\/wp-json\/wp\/v2\/posts"}],"about":[{"href":"https:\/\/codexflores.ch\/index.php\/wp-json\/wp\/v2\/types\/post"}],"author":[{"embeddable":true,"href":"https:\/\/codexflores.ch\/index.php\/wp-json\/wp\/v2\/users\/1"}],"replies":[{"embeddable":true,"href":"https:\/\/codexflores.ch\/index.php\/wp-json\/wp\/v2\/comments?post=3368"}],"version-history":[{"count":0,"href":"https:\/\/codexflores.ch\/index.php\/wp-json\/wp\/v2\/posts\/3368\/revisions"}],"wp:attachment":[{"href":"https:\/\/codexflores.ch\/index.php\/wp-json\/wp\/v2\/media?parent=3368"}],"wp:term":[{"taxonomy":"category","embeddable":true,"href":"https:\/\/codexflores.ch\/index.php\/wp-json\/wp\/v2\/categories?post=3368"},{"taxonomy":"post_tag","embeddable":true,"href":"https:\/\/codexflores.ch\/index.php\/wp-json\/wp\/v2\/tags?post=3368"}],"curies":[{"name":"wp","href":"https:\/\/api.w.org\/{rel}","templated":true}]}}