{"id":3372,"date":"2017-12-05T07:03:02","date_gmt":"2017-12-05T07:03:02","guid":{"rendered":"https:\/\/codexflores.ch\/index.php\/2017\/12\/05\/weshalb-uns-negative-emotionen-in-der-musik-faszinieren\/"},"modified":"2017-12-05T07:03:02","modified_gmt":"2017-12-05T07:03:02","slug":"weshalb-uns-negative-emotionen-in-der-musik-faszinieren","status":"publish","type":"post","link":"https:\/\/codexflores.ch\/index.php\/2017\/12\/05\/weshalb-uns-negative-emotionen-in-der-musik-faszinieren\/","title":{"rendered":"Weshalb uns negative Emotionen in der Musik faszinieren"},"content":{"rendered":"<p><span style=\"font-family: arial, helvetica, sans-serif; font-size: small;\">05.12.2017 &#8212; Was reizt uns an einem Musikst\u00fcck, das negative Emotionen in uns hervorruft? Forscher des Max-Planck-Instituts f\u00fcr empirische \u00c4sthetik haben ein psychologisches Erkl\u00e4rungsmodell f\u00fcr dieses scheinbar paradoxe Ph\u00e4nomen entwickelt.<\/span><\/p>\n<p><span style=\"font-family: arial, helvetica, sans-serif; font-size: small;\"><strong>05.12.2017 &#8212; Was reizt uns an einem Musikst\u00fcck, das negative Emotionen in uns hervorruft? Forscher des Max-Planck-Instituts f\u00fcr empirische \u00c4sthetik haben ein psychologisches Erkl\u00e4rungsmodell f\u00fcr dieses scheinbar paradoxe Ph\u00e4nomen entwickelt.\u00a0<\/strong><\/span><\/p>\n<p>\u00a0<\/p>\n<p><span style=\"font-family: arial, helvetica, sans-serif; font-size: small;\">Das Modell enth\u00e4lt zwei Faktoren. Der erste Faktor war bereits gut untersucht: Wir ordnen die Wahrnehmung von Kunstwerken in eine andere Kategorie von Erlebnissen ein als die der allt\u00e4glichen Realit\u00e4t. Diese kognitive Distanzierung schafft eine Art Sicherheitsraum, in dem wir negative Emotionen erleben k\u00f6nnen. Der zweite Faktor enth\u00e4lt Mechanismen, kraft deren negative Emotionen zur Kraftquelle intensiven Kunsterlebens werden k\u00f6nnen. <\/span><\/p>\n<p>\u00a0<\/p>\n<p><span style=\"font-family: arial, helvetica, sans-serif; font-size: small;\">K\u00fcnstlerische Kompositionen, die uns in Wechselspiele positiver und negativer Gef\u00fchle verwickeln, werden als abwechslungsreicher, spannender und interessanter wahrgenommen. Zudem haben gemischte Gef\u00fchle, die positive und negative Anteile enthalten, eine grosse Bedeutung f\u00fcr die Integration negativer Gef\u00fchle in die positive Betrachtungslust. So empfinden wir etwa tiefes emotionales Bewegtsein auch dann als positiv und lustvoll, wenn es traurige Gef\u00fchle enth\u00e4lt.<\/span><\/p>\n<p>\u00a0<\/p>\n<p><span style=\"font-family: arial, helvetica, sans-serif; font-size: small;\">Dazu kommt, dass auch die \u00e4sthetische Kraft der Darstellung selbst (zum Beispiel die Sch\u00f6nheit der Musik, der Worte, der Sprache, Farben) negative Emotionen sowohl intensiver als auch positiver erlebbar macht. Und schliesslich kann die Suche nach einer Bedeutung ebenfalls in negativen Gef\u00fchlen etwas Positives entdecken.<\/span><\/p>\n<p>\u00a0<\/p>\n<p><span style=\"font-family: arial, helvetica, sans-serif; font-size: small;\"><strong>Originalpublikation:<\/strong><\/span><br \/><span style=\"font-family: arial, helvetica, sans-serif; font-size: small;\"> Menninghaus, W., Wagner, V., Hanich, J., Wassiliwizky, E., Jacobsen, T., &amp; Koelsch, S. (2017). The Distancing\u2013Embracing model of the enjoyment of negative emotions in art reception. Behavioral and Brain Sciences, 1-58. doi:10.1017\/S0140525X17000309\u00a0<\/span><\/p>\n","protected":false},"excerpt":{"rendered":"<p><span style=\"font-family: arial, helvetica, sans-serif; font-size: small;\">05.12.2017 &#8212; Was reizt uns an einem Musikst\u00fcck, das negative Emotionen in uns hervorruft? Forscher des Max-Planck-Instituts f\u00fcr empirische \u00c4sthetik haben ein psychologisches Erkl\u00e4rungsmodell f\u00fcr dieses scheinbar paradoxe Ph\u00e4nomen entwickelt.<\/span><\/p>\n","protected":false},"author":1,"featured_media":0,"comment_status":"open","ping_status":"open","sticky":false,"template":"","format":"standard","meta":{"footnotes":""},"categories":[2],"tags":[],"class_list":["post-3372","post","type-post","status-publish","format-standard","hentry","category-nachrichten","entry"],"_links":{"self":[{"href":"https:\/\/codexflores.ch\/index.php\/wp-json\/wp\/v2\/posts\/3372","targetHints":{"allow":["GET"]}}],"collection":[{"href":"https:\/\/codexflores.ch\/index.php\/wp-json\/wp\/v2\/posts"}],"about":[{"href":"https:\/\/codexflores.ch\/index.php\/wp-json\/wp\/v2\/types\/post"}],"author":[{"embeddable":true,"href":"https:\/\/codexflores.ch\/index.php\/wp-json\/wp\/v2\/users\/1"}],"replies":[{"embeddable":true,"href":"https:\/\/codexflores.ch\/index.php\/wp-json\/wp\/v2\/comments?post=3372"}],"version-history":[{"count":0,"href":"https:\/\/codexflores.ch\/index.php\/wp-json\/wp\/v2\/posts\/3372\/revisions"}],"wp:attachment":[{"href":"https:\/\/codexflores.ch\/index.php\/wp-json\/wp\/v2\/media?parent=3372"}],"wp:term":[{"taxonomy":"category","embeddable":true,"href":"https:\/\/codexflores.ch\/index.php\/wp-json\/wp\/v2\/categories?post=3372"},{"taxonomy":"post_tag","embeddable":true,"href":"https:\/\/codexflores.ch\/index.php\/wp-json\/wp\/v2\/tags?post=3372"}],"curies":[{"name":"wp","href":"https:\/\/api.w.org\/{rel}","templated":true}]}}