{"id":3375,"date":"2017-12-08T07:43:03","date_gmt":"2017-12-08T07:43:03","guid":{"rendered":"https:\/\/codexflores.ch\/index.php\/2017\/12\/08\/zagrosek-intendantin-der-bachakademie-stuttgart\/"},"modified":"2017-12-08T07:43:03","modified_gmt":"2017-12-08T07:43:03","slug":"zagrosek-intendantin-der-bachakademie-stuttgart","status":"publish","type":"post","link":"https:\/\/codexflores.ch\/index.php\/2017\/12\/08\/zagrosek-intendantin-der-bachakademie-stuttgart\/","title":{"rendered":"Zagrosek Intendantin der Bachakademie Stuttgart"},"content":{"rendered":"<p><span style=\"font-family: arial, helvetica, sans-serif; font-size: small;\">08.12.2017 &#8212; Die Musik- und Kulturwissenschaftlerin Katrin Zagrosek wird neue Gesch\u00e4ftsf\u00fchrende Intendantin der Internationalen Bachakademie Stuttgart. Sie tritt im September 2018 die Nachfolge von Gernot Rehrl an, der seit 2013 die Intendanz der Bachakademie innehat.<\/span><\/p>\n<p><span style=\"font-family: arial, helvetica, sans-serif; font-size: small;\"><strong>08.12.2017 &#8212; Die Musik- und Kulturwissenschaftlerin Katrin Zagrosek wird neue Gesch\u00e4ftsf\u00fchrende Intendantin der Internationalen Bachakademie Stuttgart. Sie tritt im September 2018 die Nachfolge von Gernot Rehrl an, der seit 2013 die Intendanz der Bachakademie innehat.<\/strong><\/span><\/p>\n<p><span style=\"font-family: arial, helvetica, sans-serif; font-size: small;\">\u00a0<\/span><\/p>\n<p><span style=\"font-family: arial, helvetica, sans-serif; font-size: small;\">Katrin Zagrosek studierte in L\u00fcneburg sowie an der Humboldt-Universit\u00e4t zu Berlin und war von 2002 bis 2006 als Musikdramaturgin und GMD-Referentin am Theater Freiburg t\u00e4tig. Von 2006 bis 2012 entwickelte sie als Projektleiterin die Hamburger Ostert\u00f6ne und zeichnete von 2008 bis 2011 als Produktionsleiterin f\u00fcr das Festival Wien Modern verantwortlich. Im Jahr 2012 \u00fcbernahm Zagrosek die Intendanz der Nieders\u00e4chsischen Musiktage.<\/span><\/p>\n<p>\u00a0<\/p>\n<p><span style=\"font-family: arial, helvetica, sans-serif; font-size: small;\">Die 1981 von Helmuth Rilling gegr\u00fcndete Internationale Bachakademie Stuttgart steht seit 2013 unter der Leitung von Hans-Christoph Rademann (Akademieleiter) und Gernot Rehrl (Intendant). Seit dem Musikfest 2016 treten das neu gegr\u00fcndete Barockorchester und der reformierte Chor der Bachakademie unter dem gemeinsamen Namen Gaechinger Cantorey auf. <em>(cf)<\/em><\/span><\/p>\n","protected":false},"excerpt":{"rendered":"<p><span style=\"font-family: arial, helvetica, sans-serif; font-size: small;\">08.12.2017 &#8212; Die Musik- und Kulturwissenschaftlerin Katrin Zagrosek wird neue Gesch\u00e4ftsf\u00fchrende Intendantin der Internationalen Bachakademie Stuttgart. Sie tritt im September 2018 die Nachfolge von Gernot Rehrl an, der seit 2013 die Intendanz der Bachakademie innehat.<\/span><\/p>\n","protected":false},"author":1,"featured_media":0,"comment_status":"open","ping_status":"open","sticky":false,"template":"","format":"standard","meta":{"footnotes":""},"categories":[2],"tags":[],"class_list":["post-3375","post","type-post","status-publish","format-standard","hentry","category-nachrichten","entry"],"_links":{"self":[{"href":"https:\/\/codexflores.ch\/index.php\/wp-json\/wp\/v2\/posts\/3375","targetHints":{"allow":["GET"]}}],"collection":[{"href":"https:\/\/codexflores.ch\/index.php\/wp-json\/wp\/v2\/posts"}],"about":[{"href":"https:\/\/codexflores.ch\/index.php\/wp-json\/wp\/v2\/types\/post"}],"author":[{"embeddable":true,"href":"https:\/\/codexflores.ch\/index.php\/wp-json\/wp\/v2\/users\/1"}],"replies":[{"embeddable":true,"href":"https:\/\/codexflores.ch\/index.php\/wp-json\/wp\/v2\/comments?post=3375"}],"version-history":[{"count":0,"href":"https:\/\/codexflores.ch\/index.php\/wp-json\/wp\/v2\/posts\/3375\/revisions"}],"wp:attachment":[{"href":"https:\/\/codexflores.ch\/index.php\/wp-json\/wp\/v2\/media?parent=3375"}],"wp:term":[{"taxonomy":"category","embeddable":true,"href":"https:\/\/codexflores.ch\/index.php\/wp-json\/wp\/v2\/categories?post=3375"},{"taxonomy":"post_tag","embeddable":true,"href":"https:\/\/codexflores.ch\/index.php\/wp-json\/wp\/v2\/tags?post=3375"}],"curies":[{"name":"wp","href":"https:\/\/api.w.org\/{rel}","templated":true}]}}