{"id":3386,"date":"2018-02-06T08:21:41","date_gmt":"2018-02-06T08:21:41","guid":{"rendered":"https:\/\/codexflores.ch\/index.php\/2018\/02\/06\/sommmets-musicaux-de-gstaad-zeichnet-kobekina-aus\/"},"modified":"2018-02-06T08:21:41","modified_gmt":"2018-02-06T08:21:41","slug":"sommmets-musicaux-de-gstaad-zeichnet-kobekina-aus","status":"publish","type":"post","link":"https:\/\/codexflores.ch\/index.php\/2018\/02\/06\/sommmets-musicaux-de-gstaad-zeichnet-kobekina-aus\/","title":{"rendered":"Sommets Musicaux de Gstaad zeichnet Kobekina aus"},"content":{"rendered":"<p><span style=\"font-family: arial, helvetica, sans-serif; font-size: small;\">06.02.2018 &#8212; Die russische Cellistin Anastasia Kobekina ist vom Festival Sommets Musicaux de Gstaad mit dem Prix Thierry Scherz ausgezeichnet worden. Gemeinsam mit der franz\u00f6sischen Pianistin Paloma Kouider erh\u00e4lt sie zudem den Prix Andr\u00e9 Hoffmann.<\/span><\/p>\n<p><span style=\"font-family: arial, helvetica, sans-serif; font-size: small;\"><strong>06.02.2018 &#8212; Die russische Cellistin Anastasia Kobekina ist vom Festival Sommets Musicaux de Gstaad mit dem Prix Thierry Scherz ausgezeichnet worden. Gemeinsam mit der franz\u00f6sischen Pianistin Paloma Kouider erh\u00e4lt sie zudem den Prix Andr\u00e9 Hoffmann.<\/strong><\/span><\/p>\n<p><span style=\"font-family: arial, helvetica, sans-serif; font-size: small;\">\u00a0<\/span><\/p>\n<p><span style=\"font-family: arial, helvetica, sans-serif; font-size: small;\">Die 1994 im russischen Jekaterinburg geborene Anastasia Kobekina wurde 2006 am Moskauer Konservatorium in die Klasse von Olga Galochkina aufgenommen, seit 2012 studiert sie als Junge Solistin, gef\u00f6rdert durch das Steigenberger\/Rath-Stipendium, an der Kronberg Academy bei Frans Helmerson. Sie ist Gewinnerin des Tonali-Musikwettbewerb 2015.<\/span><\/p>\n<p><span style=\"font-family: arial, helvetica, sans-serif; font-size: small;\">\u00a0<\/span><\/p>\n<p><span style=\"font-family: arial, helvetica, sans-serif; font-size: small;\">Der\u00a0Prix Thierry Scherz wird vom Festival f\u00fcr die beste Interpretation im Rahmen der Festival-Reihe junger Talente vergeben. Er erm\u00f6glicht die Produktion einer CD. Der mit 5000 Franken dotierte Prix Andr\u00e9 Hoffmann zeichnet heuer die beste Interpretation des Werkes \u00abApr\u00e8s l\u2019ineffable\u00bb von Benjamin Attahir aus, des Composer-in-Residence des Festivals. <em>(cf)<\/em><\/span><\/p>\n<p>\u00a0<\/p>\n","protected":false},"excerpt":{"rendered":"<p><span style=\"font-family: arial, helvetica, sans-serif; font-size: small;\">06.02.2018 &#8212; Die russische Cellistin Anastasia Kobekina ist vom Festival Sommets Musicaux de Gstaad mit dem Prix Thierry Scherz ausgezeichnet worden. Gemeinsam mit der franz\u00f6sischen Pianistin Paloma Kouider erh\u00e4lt sie zudem den Prix Andr\u00e9 Hoffmann.<\/span><\/p>\n","protected":false},"author":1,"featured_media":0,"comment_status":"open","ping_status":"open","sticky":false,"template":"","format":"standard","meta":{"footnotes":""},"categories":[2],"tags":[],"class_list":["post-3386","post","type-post","status-publish","format-standard","hentry","category-nachrichten","entry"],"_links":{"self":[{"href":"https:\/\/codexflores.ch\/index.php\/wp-json\/wp\/v2\/posts\/3386","targetHints":{"allow":["GET"]}}],"collection":[{"href":"https:\/\/codexflores.ch\/index.php\/wp-json\/wp\/v2\/posts"}],"about":[{"href":"https:\/\/codexflores.ch\/index.php\/wp-json\/wp\/v2\/types\/post"}],"author":[{"embeddable":true,"href":"https:\/\/codexflores.ch\/index.php\/wp-json\/wp\/v2\/users\/1"}],"replies":[{"embeddable":true,"href":"https:\/\/codexflores.ch\/index.php\/wp-json\/wp\/v2\/comments?post=3386"}],"version-history":[{"count":0,"href":"https:\/\/codexflores.ch\/index.php\/wp-json\/wp\/v2\/posts\/3386\/revisions"}],"wp:attachment":[{"href":"https:\/\/codexflores.ch\/index.php\/wp-json\/wp\/v2\/media?parent=3386"}],"wp:term":[{"taxonomy":"category","embeddable":true,"href":"https:\/\/codexflores.ch\/index.php\/wp-json\/wp\/v2\/categories?post=3386"},{"taxonomy":"post_tag","embeddable":true,"href":"https:\/\/codexflores.ch\/index.php\/wp-json\/wp\/v2\/tags?post=3386"}],"curies":[{"name":"wp","href":"https:\/\/api.w.org\/{rel}","templated":true}]}}