{"id":3387,"date":"2018-02-09T07:17:08","date_gmt":"2018-02-09T07:17:08","guid":{"rendered":"https:\/\/codexflores.ch\/index.php\/2018\/02\/09\/griffith-in-der-schweiz-auf-abschiedstournee\/"},"modified":"2018-02-09T07:17:08","modified_gmt":"2018-02-09T07:17:08","slug":"griffith-in-der-schweiz-auf-abschiedstournee","status":"publish","type":"post","link":"https:\/\/codexflores.ch\/index.php\/2018\/02\/09\/griffith-in-der-schweiz-auf-abschiedstournee\/","title":{"rendered":"Howard Griffith in der Schweiz auf Abschiedstournee"},"content":{"rendered":"<p><span style=\"font-family: arial, helvetica, sans-serif; font-size: small;\">09.02.2018 &#8212; Der in Z\u00fcrich wohnhafte Dirigent Howard Griffiths, der auch als k\u00fcnstlerischer Leiter der Orpheum Stiftung Z\u00fcrich amtet, absolviert im M\u00e4rz in der Schweiz mit dem Brandenburgischen Staatsorchester Frankfurt eine Abschiedstournee.<\/span><\/p>\n<p><span style=\"font-family: arial, helvetica, sans-serif; font-size: small;\"><strong>09.02.2018 &#8212; Der in Z\u00fcrich wohnhafte Dirigent Howard Griffiths, der auch als k\u00fcnstlerischer Leiter der Orpheum Stiftung Z\u00fcrich amtet, absolviert im M\u00e4rz in der Schweiz mit dem Brandenburgischen Staatsorchester Frankfurt eine Abschiedstournee.<\/strong><\/span><\/p>\n<p><span style=\"font-family: arial, helvetica, sans-serif; font-size: small;\">\u00a0<\/span><\/p>\n<p><span style=\"font-family: arial, helvetica, sans-serif; font-size: small;\">Mit der Tournee verabschiedet er sich als Generalmusikdirektor des Brandenburgischen Staatsorchesters Frankfurt, das er zehn Jahren geleitet hat. Die Tournee mit zwei Sinfoniekonzerten, in Basel am 16. M\u00e4rz und in Bern am 18. M\u00e4rz, sowie zwei Kinderkonzerten, in Z\u00fcrich am 17. M\u00e4rz, wird in Z\u00fcrich von einem Couch-Konzert mit der Camerata Schweiz abgerundet, bei der Griffiths als Artistic Partner mitwirkt.\u00a0<\/span><\/p>\n<p><span style=\"font-family: arial, helvetica, sans-serif; font-size: small;\">\u00a0<\/span><\/p>\n<p><span style=\"font-family: arial, helvetica, sans-serif; font-size: small;\">Howard Griffiths wurde in England geboren und studierte am Royal College of Music in London. In den 1980er-Jahren gr\u00fcndete er das Jugend Sinfonieorchester Z\u00fcrich (JSOZ). Seit 1981 lebt er in der Schweiz. Im Jahre 2001 wurde er zum k\u00fcnstlerischen Leiter der Orpheum Stiftung zur F\u00f6rderung junger Solisten berufen. Von 1996 bis 2006 war er k\u00fcnstlerischer Leiter des Z\u00fcrcher Kammerorchesters (ZKO) und seit 2007 ist er Generalmusikdirektor des Brandenburgischen Staatsorchesters. <em>(cf)\u00a0<\/em><\/span><\/p>\n","protected":false},"excerpt":{"rendered":"<p><span style=\"font-family: arial, helvetica, sans-serif; font-size: small;\">09.02.2018 &#8212; Der in Z\u00fcrich wohnhafte Dirigent Howard Griffiths, der auch als k\u00fcnstlerischer Leiter der Orpheum Stiftung Z\u00fcrich amtet, absolviert im M\u00e4rz in der Schweiz mit dem Brandenburgischen Staatsorchester Frankfurt eine Abschiedstournee.<\/span><\/p>\n","protected":false},"author":1,"featured_media":0,"comment_status":"open","ping_status":"open","sticky":false,"template":"","format":"standard","meta":{"footnotes":""},"categories":[2],"tags":[],"class_list":["post-3387","post","type-post","status-publish","format-standard","hentry","category-nachrichten","entry"],"_links":{"self":[{"href":"https:\/\/codexflores.ch\/index.php\/wp-json\/wp\/v2\/posts\/3387","targetHints":{"allow":["GET"]}}],"collection":[{"href":"https:\/\/codexflores.ch\/index.php\/wp-json\/wp\/v2\/posts"}],"about":[{"href":"https:\/\/codexflores.ch\/index.php\/wp-json\/wp\/v2\/types\/post"}],"author":[{"embeddable":true,"href":"https:\/\/codexflores.ch\/index.php\/wp-json\/wp\/v2\/users\/1"}],"replies":[{"embeddable":true,"href":"https:\/\/codexflores.ch\/index.php\/wp-json\/wp\/v2\/comments?post=3387"}],"version-history":[{"count":0,"href":"https:\/\/codexflores.ch\/index.php\/wp-json\/wp\/v2\/posts\/3387\/revisions"}],"wp:attachment":[{"href":"https:\/\/codexflores.ch\/index.php\/wp-json\/wp\/v2\/media?parent=3387"}],"wp:term":[{"taxonomy":"category","embeddable":true,"href":"https:\/\/codexflores.ch\/index.php\/wp-json\/wp\/v2\/categories?post=3387"},{"taxonomy":"post_tag","embeddable":true,"href":"https:\/\/codexflores.ch\/index.php\/wp-json\/wp\/v2\/tags?post=3387"}],"curies":[{"name":"wp","href":"https:\/\/api.w.org\/{rel}","templated":true}]}}