{"id":3388,"date":"2018-02-13T07:33:07","date_gmt":"2018-02-13T07:33:07","guid":{"rendered":"https:\/\/codexflores.ch\/index.php\/2018\/02\/13\/aus-fuer-die-oesterreichische-musikzeitschrift\/"},"modified":"2018-02-13T07:33:07","modified_gmt":"2018-02-13T07:33:07","slug":"aus-fuer-die-oesterreichische-musikzeitschrift","status":"publish","type":"post","link":"https:\/\/codexflores.ch\/index.php\/2018\/02\/13\/aus-fuer-die-oesterreichische-musikzeitschrift\/","title":{"rendered":"Aus f\u00fcr die \u00d6sterreichische Musikzeitschrift"},"content":{"rendered":"<p><span style=\"font-family: arial, helvetica, sans-serif; font-size: small;\">13.02.2018 &#8212; Die 1946 gegr\u00fcndete \u00d6sterreichische Musikzeitschrift (\u00d6MZ) ist Geschichte. In einer Mitteilung an ihre Gesch\u00e4ftskunden erkl\u00e4rt sie, dass sie per Ende des Monats ihr Erscheinen einstellt.<\/span><\/p>\n<p><span style=\"font-family: arial, helvetica, sans-serif; font-size: small;\"><strong>13.02.2018 &#8212; Die 1946 gegr\u00fcndete \u00d6sterreichische Musikzeitschrift (\u00d6MZ) ist Geschichte. In einer Mitteilung an ihre Gesch\u00e4ftskunden erkl\u00e4rt sie, dass sie per Ende des Monats ihr Erscheinen einstellt.<\/strong><\/span><\/p>\n<p><span style=\"font-family: arial, helvetica, sans-serif; font-size: small;\">\u00a0<\/span><\/p>\n<p><span style=\"font-family: arial, helvetica, sans-serif; font-size: small;\">Die \u00d6sterreichische Musikzeitschrift wurde 1946 gegr\u00fcndet. 1959\/60 initiierte sie beim zust\u00e4ndigen Bundesministerium den Aufbau eines \u00d6sterreichischen Musikinformationszentrums MICA. 2011 wurde sie nach Disussionen um ihre Zukunft von der dazu gegr\u00fcndeten Europ\u00e4ischen Musikforschungsvereinigung Wien (EMV) in Zusammenarbeit mit dem B\u00f6hlau-Verlag weitergef\u00fchrt.<br \/><\/span><\/p>\n<p>\u00a0<\/p>\n<p><span style=\"font-family: arial, helvetica, sans-serif; font-size: small;\">Da sich die Zuwendungen von Institutionen und Einzelpersonen als nicht hinl\u00e4nglich erwiesen, wurde die Fortsetzung der Redaktionsarbeit wesentlich vom Verein zur Unterst\u00fctzung von Musikpublizistik und Musik im Donauraum (VUMD) erm\u00f6glicht. Ab 2015 erschien die Zeitschrift als selbst\u00e4ndiges Projekt im Hollitzer-Verlag Wien, mit einem Schwerpunkt auf neue Musik und dem aktuellen Musikleben in \u00d6sterreich. <em>(cf)\u00a0<\/em><\/span><\/p>\n","protected":false},"excerpt":{"rendered":"<p><span style=\"font-family: arial, helvetica, sans-serif; font-size: small;\">13.02.2018 &#8212; Die 1946 gegr\u00fcndete \u00d6sterreichische Musikzeitschrift (\u00d6MZ) ist Geschichte. In einer Mitteilung an ihre Gesch\u00e4ftskunden erkl\u00e4rt sie, dass sie per Ende des Monats ihr Erscheinen einstellt.<\/span><\/p>\n","protected":false},"author":1,"featured_media":0,"comment_status":"open","ping_status":"open","sticky":false,"template":"","format":"standard","meta":{"footnotes":""},"categories":[2],"tags":[],"class_list":["post-3388","post","type-post","status-publish","format-standard","hentry","category-nachrichten","entry"],"_links":{"self":[{"href":"https:\/\/codexflores.ch\/index.php\/wp-json\/wp\/v2\/posts\/3388","targetHints":{"allow":["GET"]}}],"collection":[{"href":"https:\/\/codexflores.ch\/index.php\/wp-json\/wp\/v2\/posts"}],"about":[{"href":"https:\/\/codexflores.ch\/index.php\/wp-json\/wp\/v2\/types\/post"}],"author":[{"embeddable":true,"href":"https:\/\/codexflores.ch\/index.php\/wp-json\/wp\/v2\/users\/1"}],"replies":[{"embeddable":true,"href":"https:\/\/codexflores.ch\/index.php\/wp-json\/wp\/v2\/comments?post=3388"}],"version-history":[{"count":0,"href":"https:\/\/codexflores.ch\/index.php\/wp-json\/wp\/v2\/posts\/3388\/revisions"}],"wp:attachment":[{"href":"https:\/\/codexflores.ch\/index.php\/wp-json\/wp\/v2\/media?parent=3388"}],"wp:term":[{"taxonomy":"category","embeddable":true,"href":"https:\/\/codexflores.ch\/index.php\/wp-json\/wp\/v2\/categories?post=3388"},{"taxonomy":"post_tag","embeddable":true,"href":"https:\/\/codexflores.ch\/index.php\/wp-json\/wp\/v2\/tags?post=3388"}],"curies":[{"name":"wp","href":"https:\/\/api.w.org\/{rel}","templated":true}]}}