{"id":3390,"date":"2018-02-15T08:01:59","date_gmt":"2018-02-15T08:01:59","guid":{"rendered":"https:\/\/codexflores.ch\/index.php\/2018\/02\/15\/aufregung-um-tiroler-festspele-erl\/"},"modified":"2018-02-15T08:01:59","modified_gmt":"2018-02-15T08:01:59","slug":"aufregung-um-tiroler-festspele-erl","status":"publish","type":"post","link":"https:\/\/codexflores.ch\/index.php\/2018\/02\/15\/aufregung-um-tiroler-festspele-erl\/","title":{"rendered":"Aufregung um Tiroler Festspiele Erl"},"content":{"rendered":"<p><span style=\"font-family: arial, helvetica, sans-serif; font-size: small;\">15.02.2018 &#8212; Gustav Kuhn, der 1980 bis 1983 als Musikdirektor in Bern amtete, und die von ihm heute geleiteten\u00a0 Tiroler Festspiele Erl sehen sich durch einen lokalen Blogger schweren Vorw\u00fcrfen wirtschaftlichen und sexuellen Missbrauchs gegen\u00fcber. Dagegen wollen die Festspiele rechtlich vorgehen.\u00a0<\/span><\/p>\n<p><span style=\"font-family: arial, helvetica, sans-serif; font-size: small;\"><strong>15.02.2018 &#8212; Gustav Kuhn, der 1980 bis 1983 als Musikdirektor in Bern amtete, und die von ihm heute geleiteten\u00a0 Tiroler Festspiele Erl sehen sich durch einen lokalen Blogger schweren Vorw\u00fcrfen wirtschaftlichen und sexuellen Missbrauchs\u00a0 gegen\u00fcber. Dagegen wollen die Festspiele rechtlich vorgehen.<\/strong><\/span><\/p>\n<p><span style=\"font-family: arial, helvetica, sans-serif; font-size: small;\"> <br \/><\/span><\/p>\n<p><span style=\"font-family: arial, helvetica, sans-serif; font-size: small;\">Der Blog <a href=\"http:\/\/dietiwag.org\/index.php?id=5150\" target=\"_blank\" rel=\"noopener noreferrer\">dietiwag.org<\/a> des des Publizisten Markus Wilhelm listet unz\u00e4hlige anonyme Vorw\u00fcrfe gegen Kuhn und die Festspiele auf. Sie reichen von exzessiver Ausn\u00fctzung, fortgesetzten Dem\u00fctigungen, skandal\u00f6sen Arbeitsverh\u00e4ltnissen bis zu sexuellen Missbrauchs durch den Dirigenten.<\/span><\/p>\n<p><span style=\"font-family: arial, helvetica, sans-serif; font-size: small;\">\u00a0<\/span><\/p>\n<p><span style=\"font-family: arial, helvetica, sans-serif; font-size: small;\">Laut einem Bericht der Zeitung \u00abDer Standard\u00bb wollen die Festspiele gegen den Blog rechtlich vorgehen. Die Zeitung zitiert die Erl-Sprecherin Angelika Ruge. Sie erkl\u00e4rt, die Vorw\u00fcrfe seinen \u00abnicht relevant\u00bb. Jeder, der wolle, sei \u00abherzlich eingeladen, sich selbst ein Bild etwa vom Probengeschehen bei den Festspielen zu machen\u00bb. <em>(cf)<\/em><br \/><\/span><\/p>\n<p><span style=\"font-family: arial, helvetica, sans-serif; font-size: small;\"><strong>Mehr Infos:<\/strong> <\/span><br \/><span style=\"font-family: arial, helvetica, sans-serif; font-size: small;\"><a href=\"https:\/\/derstandard.at\/2000074266065\/Vorwuerfe-gegen-Festspiele-Erl-diese-kontern-mit-Klage\" target=\"_blank\" rel=\"noopener noreferrer\">https:\/\/derstandard.at\/2000074266065\/Vorwuerfe-gegen-Festspiele-Erl-diese-kontern-mit-Klage<\/a><\/span><\/p>\n<p>\u00a0<\/p>\n","protected":false},"excerpt":{"rendered":"<p><span style=\"font-family: arial, helvetica, sans-serif; font-size: small;\">15.02.2018 &#8212; Gustav Kuhn, der 1980 bis 1983 als Musikdirektor in Bern amtete, und die von ihm heute geleiteten\u00a0 Tiroler Festspiele Erl sehen sich durch einen lokalen Blogger schweren Vorw\u00fcrfen wirtschaftlichen und sexuellen Missbrauchs gegen\u00fcber. Dagegen wollen die Festspiele rechtlich vorgehen.\u00a0<\/span><\/p>\n","protected":false},"author":1,"featured_media":0,"comment_status":"open","ping_status":"open","sticky":false,"template":"","format":"standard","meta":{"footnotes":""},"categories":[2],"tags":[],"class_list":["post-3390","post","type-post","status-publish","format-standard","hentry","category-nachrichten","entry"],"_links":{"self":[{"href":"https:\/\/codexflores.ch\/index.php\/wp-json\/wp\/v2\/posts\/3390","targetHints":{"allow":["GET"]}}],"collection":[{"href":"https:\/\/codexflores.ch\/index.php\/wp-json\/wp\/v2\/posts"}],"about":[{"href":"https:\/\/codexflores.ch\/index.php\/wp-json\/wp\/v2\/types\/post"}],"author":[{"embeddable":true,"href":"https:\/\/codexflores.ch\/index.php\/wp-json\/wp\/v2\/users\/1"}],"replies":[{"embeddable":true,"href":"https:\/\/codexflores.ch\/index.php\/wp-json\/wp\/v2\/comments?post=3390"}],"version-history":[{"count":0,"href":"https:\/\/codexflores.ch\/index.php\/wp-json\/wp\/v2\/posts\/3390\/revisions"}],"wp:attachment":[{"href":"https:\/\/codexflores.ch\/index.php\/wp-json\/wp\/v2\/media?parent=3390"}],"wp:term":[{"taxonomy":"category","embeddable":true,"href":"https:\/\/codexflores.ch\/index.php\/wp-json\/wp\/v2\/categories?post=3390"},{"taxonomy":"post_tag","embeddable":true,"href":"https:\/\/codexflores.ch\/index.php\/wp-json\/wp\/v2\/tags?post=3390"}],"curies":[{"name":"wp","href":"https:\/\/api.w.org\/{rel}","templated":true}]}}