{"id":3391,"date":"2018-02-16T07:47:25","date_gmt":"2018-02-16T07:47:25","guid":{"rendered":"https:\/\/codexflores.ch\/index.php\/2018\/02\/16\/renaud-capucon-leitet-lausanne-soloists\/"},"modified":"2018-02-16T07:47:25","modified_gmt":"2018-02-16T07:47:25","slug":"renaud-capucon-leitet-lausanne-soloists","status":"publish","type":"post","link":"https:\/\/codexflores.ch\/index.php\/2018\/02\/16\/renaud-capucon-leitet-lausanne-soloists\/","title":{"rendered":"Renaud Capu\u00e7on leitet Lausanne Soloists"},"content":{"rendered":"<p><span style=\"font-family: arial, helvetica, sans-serif; font-size: small;\">16.02.2018 &#8212; An der Haute \u00c9cole de Musique de Lausanne (HEMU) entsteht ein neues Ensemble aus elf bis zwanzig Studierenden, das von einem prominenten Dozenten geleitet wird, dem Geiger Renaud Capu\u00e7on.<\/span><\/p>\n<p><span style=\"font-family: arial, helvetica, sans-serif; font-size: small;\"><strong>16.02.2018 &#8212; An der Haute \u00c9cole de Musique de Lausanne (HEMU) entsteht ein neues Ensemble aus elf bis zwanzig Studierenden, das von einem prominenten Dozenten geleitet wird, dem Geiger Renaud Capu\u00e7on.<\/strong><\/span><\/p>\n<p><span style=\"font-family: arial, helvetica, sans-serif; font-size: small;\">\u00a0<\/span><\/p>\n<p><span style=\"font-family: arial, helvetica, sans-serif; font-size: small;\">Die Lausanne Soloists werden ab Februar 2019 erstmals mit Werken von Bach und Tschaikowsky auf Tournee gehen. Geplant sind rund ein Dutzend Konzerte in der Schweiz und im Ausland. Die Detaildaten sind noch nicht bekannt.<\/span><\/p>\n<p><span style=\"font-family: arial, helvetica, sans-serif; font-size: small;\">\u00a0<\/span><\/p>\n<p><span style=\"font-family: arial, helvetica, sans-serif; font-size: small;\">Renaud Capu\u00e7on ist Absolvent des Conservatoire National Sup\u00e9rieur de Musique in Paris. In Berlin studierte er zudem bei Thomas Brandis und Isaac Stern. Er ist Mitbegr\u00fcnder und K\u00fcnstlerischer Leiter des Osterfestivals in Aix-en-Provence. Zudem leitet er das Festival Sommets Musicaux in Gstaad. In Lausanne hat er an der HEMU seit 2014 eine Professur. <em>(cf)<\/em><\/span><\/p>\n","protected":false},"excerpt":{"rendered":"<p><span style=\"font-family: arial, helvetica, sans-serif; font-size: small;\">16.02.2018 &#8212; An der Haute \u00c9cole de Musique de Lausanne (HEMU) entsteht ein neues Ensemble aus elf bis zwanzig Studierenden, das von einem prominenten Dozenten geleitet wird, dem Geiger Renaud Capu\u00e7on.<\/span><\/p>\n","protected":false},"author":1,"featured_media":0,"comment_status":"open","ping_status":"open","sticky":false,"template":"","format":"standard","meta":{"footnotes":""},"categories":[2],"tags":[],"class_list":["post-3391","post","type-post","status-publish","format-standard","hentry","category-nachrichten","entry"],"_links":{"self":[{"href":"https:\/\/codexflores.ch\/index.php\/wp-json\/wp\/v2\/posts\/3391","targetHints":{"allow":["GET"]}}],"collection":[{"href":"https:\/\/codexflores.ch\/index.php\/wp-json\/wp\/v2\/posts"}],"about":[{"href":"https:\/\/codexflores.ch\/index.php\/wp-json\/wp\/v2\/types\/post"}],"author":[{"embeddable":true,"href":"https:\/\/codexflores.ch\/index.php\/wp-json\/wp\/v2\/users\/1"}],"replies":[{"embeddable":true,"href":"https:\/\/codexflores.ch\/index.php\/wp-json\/wp\/v2\/comments?post=3391"}],"version-history":[{"count":0,"href":"https:\/\/codexflores.ch\/index.php\/wp-json\/wp\/v2\/posts\/3391\/revisions"}],"wp:attachment":[{"href":"https:\/\/codexflores.ch\/index.php\/wp-json\/wp\/v2\/media?parent=3391"}],"wp:term":[{"taxonomy":"category","embeddable":true,"href":"https:\/\/codexflores.ch\/index.php\/wp-json\/wp\/v2\/categories?post=3391"},{"taxonomy":"post_tag","embeddable":true,"href":"https:\/\/codexflores.ch\/index.php\/wp-json\/wp\/v2\/tags?post=3391"}],"curies":[{"name":"wp","href":"https:\/\/api.w.org\/{rel}","templated":true}]}}