{"id":3397,"date":"2018-02-26T10:40:43","date_gmt":"2018-02-26T10:40:43","guid":{"rendered":"https:\/\/codexflores.ch\/index.php\/2018\/02\/26\/osterwold-gibt-klangspuren-schwaz-ab\/"},"modified":"2018-02-26T10:40:43","modified_gmt":"2018-02-26T10:40:43","slug":"osterwold-gibt-klangspuren-schwaz-ab","status":"publish","type":"post","link":"https:\/\/codexflores.ch\/index.php\/2018\/02\/26\/osterwold-gibt-klangspuren-schwaz-ab\/","title":{"rendered":"Osterwold gibt Klangspuren Schwaz ab"},"content":{"rendered":"<p><span style=\"font-family: arial, helvetica, sans-serif; font-size: small;\">26.02.2018 &#8212; Matthias Osterwold beendet 2019 seine T\u00e4tigkeit als K\u00fcnstlerischer Leiter der Klangspuren Schwaz. Seine Nachfolge wird \u00fcber eine Ausschreibung ermittelt.<\/span><\/p>\n<p><strong><span style=\"font-family: arial, helvetica, sans-serif; font-size: small;\">26.02.2018 &#8212; Matthias Osterwold beendet 2019 seine T\u00e4tigkeit als K\u00fcnstlerischer Leiter der Klangspuren Schwaz. Seine Nachfolge wird \u00fcber eine Ausschreibung ermittelt.<\/span><\/strong><\/p>\n<p>\u00a0<\/p>\n<p><span style=\"font-family: arial, helvetica, sans-serif; font-size: small;\">Nach Hearings durch eine Jury soll die neue k\u00fcnstlerische Leitung bis Juli 2018 bestellt werden. Diese wird zun\u00e4chst f\u00fcr eine Zeitspanne von 3 Jahre berufen. <\/span><\/p>\n<p>\u00a0<\/p>\n<p><span style=\"font-family: arial, helvetica, sans-serif; font-size: small;\">Matthias Osterwold, der 2012 die K\u00fcnstlerische Leitung \u00fcbernahm, wendet sich neuen Aufgaben zu. Er kuratiert das Konzertprogramm der \u00abRuhrtriennale \u2013 Festival der K\u00fcnste 2018 2019 2020\u00bb. Derzeit arbeitet er intensiv an dem Jubil\u00e4umsprogramm zu 25 Jahre Klangspuren Schwaz, das diesen Sommer 2018 unter dem Motto FESTE.ORTE. stattfindet.<em> (cf)<\/em><\/span><\/p>\n","protected":false},"excerpt":{"rendered":"<p><span style=\"font-family: arial, helvetica, sans-serif; font-size: small;\">26.02.2018 &#8212; Matthias Osterwold beendet 2019 seine T\u00e4tigkeit als K\u00fcnstlerischer Leiter der Klangspuren Schwaz. Seine Nachfolge wird \u00fcber eine Ausschreibung ermittelt.<\/span><\/p>\n","protected":false},"author":1,"featured_media":0,"comment_status":"open","ping_status":"open","sticky":false,"template":"","format":"standard","meta":{"footnotes":""},"categories":[2],"tags":[],"class_list":["post-3397","post","type-post","status-publish","format-standard","hentry","category-nachrichten","entry"],"_links":{"self":[{"href":"https:\/\/codexflores.ch\/index.php\/wp-json\/wp\/v2\/posts\/3397","targetHints":{"allow":["GET"]}}],"collection":[{"href":"https:\/\/codexflores.ch\/index.php\/wp-json\/wp\/v2\/posts"}],"about":[{"href":"https:\/\/codexflores.ch\/index.php\/wp-json\/wp\/v2\/types\/post"}],"author":[{"embeddable":true,"href":"https:\/\/codexflores.ch\/index.php\/wp-json\/wp\/v2\/users\/1"}],"replies":[{"embeddable":true,"href":"https:\/\/codexflores.ch\/index.php\/wp-json\/wp\/v2\/comments?post=3397"}],"version-history":[{"count":0,"href":"https:\/\/codexflores.ch\/index.php\/wp-json\/wp\/v2\/posts\/3397\/revisions"}],"wp:attachment":[{"href":"https:\/\/codexflores.ch\/index.php\/wp-json\/wp\/v2\/media?parent=3397"}],"wp:term":[{"taxonomy":"category","embeddable":true,"href":"https:\/\/codexflores.ch\/index.php\/wp-json\/wp\/v2\/categories?post=3397"},{"taxonomy":"post_tag","embeddable":true,"href":"https:\/\/codexflores.ch\/index.php\/wp-json\/wp\/v2\/tags?post=3397"}],"curies":[{"name":"wp","href":"https:\/\/api.w.org\/{rel}","templated":true}]}}