{"id":3401,"date":"2018-03-06T07:33:06","date_gmt":"2018-03-06T07:33:06","guid":{"rendered":"https:\/\/codexflores.ch\/index.php\/2018\/03\/06\/tod-des-dirigenten-jesus-lopez-cobos\/"},"modified":"2018-03-06T07:33:06","modified_gmt":"2018-03-06T07:33:06","slug":"tod-des-dirigenten-jesus-lopez-cobos","status":"publish","type":"post","link":"https:\/\/codexflores.ch\/index.php\/2018\/03\/06\/tod-des-dirigenten-jesus-lopez-cobos\/","title":{"rendered":"Tod des Dirigenten Jes\u00fas L\u00f3pez-Cobos"},"content":{"rendered":"<p><span style=\"font-family: arial, helvetica, sans-serif; font-size: small;\">06.03.2018 &#8212; Der spanische Dirigent Jes\u00fas L\u00f3pez-Cobos, der von 1990 bis 2000 als Leiter des Orchestre de Chambre de Lausanne amtete, ist im Alter von 78 Jahren in Berlin einem Krebsleiden erlegen.<\/span><\/p>\n<p><strong><span style=\"font-family: arial, helvetica, sans-serif; font-size: small;\">06.03.2018 &#8212; Der spanische Dirigent Jes\u00fas L\u00f3pez Cobos, der von 1990 bis 2000 als Leiter des Orchestre de Chambre de Lausanne amtete, ist im Alter von 78 Jahren in Berlin einem Krebsleiden erlegen.<\/span><\/strong><\/p>\n<p><span style=\"font-family: arial, helvetica, sans-serif; font-size: small;\">\u00a0<\/span><\/p>\n<p><span style=\"font-family: arial, helvetica, sans-serif; font-size: small;\">Jes\u00fas L\u00f3pez-Cobos war zuletzt als Musikdirektor des Teatro Real in Madrid t\u00e4tig. Von 1981 bis 1990 war er Generalmusikdirektor der Deutschen Oper Berlin, von 1984 bis 1988 Musikdirektor des Spanischen Nationalorchesters und von 1986 bis 2000 Chefdirigent des Cincinnati Symphony Orchestra.<\/span><\/p>\n<p><span style=\"font-family: arial, helvetica, sans-serif; font-size: small;\">\u00a0<\/span><\/p>\n<p><span style=\"font-family: arial, helvetica, sans-serif; font-size: small;\">Im spanischen Toro geboren studiert L\u00f3pez-Cobos studierte zun\u00e4chst Philosophie an der Universit\u00e4t Madrid. 1966 begann er bei Franco Ferrara in Italien und sp\u00e4ter bei Hans Swarovsky in Wien sein Dirigierstudium begann. 1968 gewann er den ersten Preis beim Dirigierwettbewerb in Besan\u00e7on. Er dirigierte s\u00e4mtliche namhafte Orchester Europas und Amerikas. Zugleich zeigte er Pr\u00e4senz bei Festivals wie: Edinburgh, Salzburg, Berlin, Prag, Luzern, Montreux, Tanglewood, Ravinia, Hollywood Bowl. <em>(cf)<\/em><\/span><\/p>\n","protected":false},"excerpt":{"rendered":"<p><span style=\"font-family: arial, helvetica, sans-serif; font-size: small;\">06.03.2018 &#8212; Der spanische Dirigent Jes\u00fas L\u00f3pez-Cobos, der von 1990 bis 2000 als Leiter des Orchestre de Chambre de Lausanne amtete, ist im Alter von 78 Jahren in Berlin einem Krebsleiden erlegen.<\/span><\/p>\n","protected":false},"author":1,"featured_media":0,"comment_status":"open","ping_status":"open","sticky":false,"template":"","format":"standard","meta":{"footnotes":""},"categories":[2],"tags":[],"class_list":["post-3401","post","type-post","status-publish","format-standard","hentry","category-nachrichten","entry"],"_links":{"self":[{"href":"https:\/\/codexflores.ch\/index.php\/wp-json\/wp\/v2\/posts\/3401","targetHints":{"allow":["GET"]}}],"collection":[{"href":"https:\/\/codexflores.ch\/index.php\/wp-json\/wp\/v2\/posts"}],"about":[{"href":"https:\/\/codexflores.ch\/index.php\/wp-json\/wp\/v2\/types\/post"}],"author":[{"embeddable":true,"href":"https:\/\/codexflores.ch\/index.php\/wp-json\/wp\/v2\/users\/1"}],"replies":[{"embeddable":true,"href":"https:\/\/codexflores.ch\/index.php\/wp-json\/wp\/v2\/comments?post=3401"}],"version-history":[{"count":0,"href":"https:\/\/codexflores.ch\/index.php\/wp-json\/wp\/v2\/posts\/3401\/revisions"}],"wp:attachment":[{"href":"https:\/\/codexflores.ch\/index.php\/wp-json\/wp\/v2\/media?parent=3401"}],"wp:term":[{"taxonomy":"category","embeddable":true,"href":"https:\/\/codexflores.ch\/index.php\/wp-json\/wp\/v2\/categories?post=3401"},{"taxonomy":"post_tag","embeddable":true,"href":"https:\/\/codexflores.ch\/index.php\/wp-json\/wp\/v2\/tags?post=3401"}],"curies":[{"name":"wp","href":"https:\/\/api.w.org\/{rel}","templated":true}]}}