{"id":3402,"date":"2018-03-07T06:50:12","date_gmt":"2018-03-07T06:50:12","guid":{"rendered":"https:\/\/codexflores.ch\/index.php\/2018\/03\/07\/kolumbianisches-jugendorchester-in-winterthur\/"},"modified":"2018-03-07T06:50:12","modified_gmt":"2018-03-07T06:50:12","slug":"kolumbianisches-jugendorchester-in-winterthur","status":"publish","type":"post","link":"https:\/\/codexflores.ch\/index.php\/2018\/03\/07\/kolumbianisches-jugendorchester-in-winterthur\/","title":{"rendered":"Kolumbianisches Jugendorchester in Winterthur"},"content":{"rendered":"<p><span style=\"font-family: arial, helvetica, sans-serif; font-size: small;\">07.03.2018 &#8212; Das kolumbianische Jugendorchester Iberacademy Orchester ist Botschafter des sozialen Projekts Academia Filarm\u00f3nica Iberoamericana. Das Ensemble, das von Roberto Gonz\u00e1lez Monjas, dem Ersten Konzertmeister des Musikkollegium Winterthurs mitbegr\u00fcndet worden ist, reist zum ersten Mal nach Europa.<\/span><\/p>\n<p><span style=\"font-family: arial, helvetica, sans-serif; font-size: small;\"><strong>07.03.2018 &#8212; Das kolumbianische Jugendorchester Iberacademy Orchester ist Botschafter des sozialen Projekts Academia Filarm\u00f3nica Iberoamericana. Das Ensemble, das von Roberto Gonz\u00e1lez Monjas, dem Ersten Konzertmeister des Musikkollegium Winterthurs mitbegr\u00fcndet worden ist, reist zum ersten Mal nach Europa.<\/strong><\/span><\/p>\n<p><span style=\"font-family: arial, helvetica, sans-serif; font-size: small;\">\u00a0<\/span><\/p>\n<p><span style=\"font-family: arial, helvetica, sans-serif; font-size: small;\">Das Projekt, \u00e4hnlich wie El Sistema in Venezuela, erm\u00f6glicht Jugendlichen aus benachteiligten Verh\u00e4ltnissen eine solide musikalische Ausbildung. Die Kinder und Jugendlichen erhalten kostenlos Instrumentalunterricht, wirken an Orchesterprojekten mit international t\u00e4tigen Solisten und Dirigenten mit, und die besten unter ihnen k\u00f6nnen an einer Universit\u00e4t Musik studieren.<\/span><\/p>\n<p><span style=\"font-family: arial, helvetica, sans-serif; font-size: small;\">\u00a0<\/span><\/p>\n<p><span style=\"font-family: arial, helvetica, sans-serif; font-size: small;\">Nun unternehmen die jungen Musiker aus Kolumbien ihre erste Konzertreise nach Europa; nicht zuletzt dank des pers\u00f6nlichen Engagements ihres Mentors Roberto Gonz\u00e1lez Monjas, der die Jugendlichen in Kolumbien heute regelm\u00e4ssig unterrichtet. Die Hilti Foundation und die Stiftung Mozarteum Salzburg haben dem kolumbianischen Jugendorchester die Reise nach Europa erm\u00f6glicht.<\/span><\/p>\n<p><span style=\"font-family: arial, helvetica, sans-serif; font-size: small;\">\u00a0<\/span><\/p>\n<p><span style=\"font-family: arial, helvetica, sans-serif; font-size: small;\">Am 13. M\u00e4rz 2018 veranstaltet das Musikkollegium Winterthur ein Freikonzert im Theater Winterthur, wo sich die jungen Musiker zum ersten Mal in Europa vorstellen d\u00fcrfen. Unter der Leitung ihres Dirigenten Alejandro Posada spielen sie side by side mit dem Musikkollegium Winterthur ein s\u00fcdamerikanisches Programm unter dem Titel \u00abFuego latino\u00bb. Am 16. M\u00e4rz sind sie im Stadthaus Winterthur zu h\u00f6ren. Ehrengast ist dort Rolando Villaz\u00f3n.\u00a0 <em>(cf)<\/em><\/span><\/p>\n","protected":false},"excerpt":{"rendered":"<p><span style=\"font-family: arial, helvetica, sans-serif; font-size: small;\">07.03.2018 &#8212; Das kolumbianische Jugendorchester Iberacademy Orchester ist Botschafter des sozialen Projekts Academia Filarm\u00f3nica Iberoamericana. Das Ensemble, das von Roberto Gonz\u00e1lez Monjas, dem Ersten Konzertmeister des Musikkollegium Winterthurs mitbegr\u00fcndet worden ist, reist zum ersten Mal nach Europa.<\/span><\/p>\n","protected":false},"author":1,"featured_media":0,"comment_status":"open","ping_status":"open","sticky":false,"template":"","format":"standard","meta":{"footnotes":""},"categories":[2],"tags":[],"class_list":["post-3402","post","type-post","status-publish","format-standard","hentry","category-nachrichten","entry"],"_links":{"self":[{"href":"https:\/\/codexflores.ch\/index.php\/wp-json\/wp\/v2\/posts\/3402","targetHints":{"allow":["GET"]}}],"collection":[{"href":"https:\/\/codexflores.ch\/index.php\/wp-json\/wp\/v2\/posts"}],"about":[{"href":"https:\/\/codexflores.ch\/index.php\/wp-json\/wp\/v2\/types\/post"}],"author":[{"embeddable":true,"href":"https:\/\/codexflores.ch\/index.php\/wp-json\/wp\/v2\/users\/1"}],"replies":[{"embeddable":true,"href":"https:\/\/codexflores.ch\/index.php\/wp-json\/wp\/v2\/comments?post=3402"}],"version-history":[{"count":0,"href":"https:\/\/codexflores.ch\/index.php\/wp-json\/wp\/v2\/posts\/3402\/revisions"}],"wp:attachment":[{"href":"https:\/\/codexflores.ch\/index.php\/wp-json\/wp\/v2\/media?parent=3402"}],"wp:term":[{"taxonomy":"category","embeddable":true,"href":"https:\/\/codexflores.ch\/index.php\/wp-json\/wp\/v2\/categories?post=3402"},{"taxonomy":"post_tag","embeddable":true,"href":"https:\/\/codexflores.ch\/index.php\/wp-json\/wp\/v2\/tags?post=3402"}],"curies":[{"name":"wp","href":"https:\/\/api.w.org\/{rel}","templated":true}]}}