{"id":3408,"date":"2018-03-15T06:59:20","date_gmt":"2018-03-15T06:59:20","guid":{"rendered":"https:\/\/codexflores.ch\/index.php\/2018\/03\/15\/bastian-springt-in-duesseldorf-fuer-bloch-ein\/"},"modified":"2018-03-15T06:59:20","modified_gmt":"2018-03-15T06:59:20","slug":"bastian-springt-in-duesseldorf-fuer-bloch-ein","status":"publish","type":"post","link":"https:\/\/codexflores.ch\/index.php\/2018\/03\/15\/bastian-springt-in-duesseldorf-fuer-bloch-ein\/","title":{"rendered":"Bastian springt in D\u00fcsseldorf f\u00fcr Bloch ein"},"content":{"rendered":"<p><span style=\"font-family: arial, helvetica, sans-serif; font-size: small;\">15.03.2018 &#8212; Jospeh Bastian, Posaunist im Symphonieorchester des Bayerischen Rundfunks und Tr\u00e4ger des Neeme J\u00e4rvi Preises des Gstaad Menuhin Festivals, ist definitiv auf dem Weg zu einer Dirigentenkarriere. Nun springt er in D\u00fcsseldorf kurzfristig f\u00fcr den erkrankten Alexandre Bloch ein.<\/span><\/p>\n<p><span style=\"font-family: arial, helvetica, sans-serif; font-size: small;\"><strong>15.03.2018 &#8212; Jospeh Bastian, Posaunist im Symphonieorchester des Bayerischen Rundfunks und Tr\u00e4ger des Neeme J\u00e4rvi Preises des Gstaad Menuhin Festivals, ist definitiv auf dem Weg zu einer Dirigentenkarriere. Nun springt er in D\u00fcsseldorf kurzfristig f\u00fcr den erkrankten Alexandre Bloch ein.<\/strong><\/span><\/p>\n<p>\u00a0<\/p>\n<p><span style=\"font-family: arial, helvetica, sans-serif; font-size: small;\">Das Konzertprogramm in der D\u00fcsseldorfer Tonhalle bleibt trotz des kurzfristigen Dirigentenwechsels unver\u00e4ndert. Es erklingen Mendelssohns 5. Symphonie, Wagners Vorspiel zu \u00abParsifal\u00bb und die Urauff\u00fchrung von Frederik H\u00f6gbergs \u00abAbsent Illusions\u00bb f\u00fcr Violine und Orchester mit Isabelle van Keulen als Solistin.<\/span><\/p>\n<p><span style=\"font-family: arial, helvetica, sans-serif; font-size: small;\">\u00a0<\/span><\/p>\n<p><span style=\"font-family: arial, helvetica, sans-serif; font-size: small;\">Bastian begann seine Dirigentenkarriere 2016 bereits als Einspringer, damals beim Symphonieorchester des Bayerischen Rundfunks mitten in einer Konzertwoche. Kurze Zeit darauf gewann er den Neeme J\u00e4rvi Preis des Gstaad Menuhin Festivals und wurde eingeladen, das Gstaad Festival Orchestra auf Tournee mit den Pianistinnen Khatia und Gvantsa Buniatishvili zu dirigieren. <\/span><\/p>\n<p>\u00a0<\/p>\n<p><span style=\"font-family: arial, helvetica, sans-serif; font-size: small;\">In letzter Zeit deb\u00fctierte er beim M\u00fcnchener Kammerorchester, dem Basler Sinfonieorchester, der Deutschen Radiophilharmonie Saarbr\u00fccken-Kaiserslautern, der Deutschen Staatsphilharmonie Rheinland-Pfalz, sowie den N\u00fcrnberger Symphonikern. Dieses Jahr kehrt er zur\u00fcck ans Pult des Symphonieorchesters des Bayerischen Rundfunks und des Sinfonieorchesters Basel, im September wird er sein Japan-Deb\u00fct beim Yomiuri Nippon Symphony Orchestra geben.<em> (cf)<\/em><\/span><\/p>\n<p>\u00a0<\/p>\n","protected":false},"excerpt":{"rendered":"<p><span style=\"font-family: arial, helvetica, sans-serif; font-size: small;\">15.03.2018 &#8212; Jospeh Bastian, Posaunist im Symphonieorchester des Bayerischen Rundfunks und Tr\u00e4ger des Neeme J\u00e4rvi Preises des Gstaad Menuhin Festivals, ist definitiv auf dem Weg zu einer Dirigentenkarriere. Nun springt er in D\u00fcsseldorf kurzfristig f\u00fcr den erkrankten Alexandre Bloch ein.<\/span><\/p>\n","protected":false},"author":1,"featured_media":0,"comment_status":"open","ping_status":"open","sticky":false,"template":"","format":"standard","meta":{"footnotes":""},"categories":[2],"tags":[],"class_list":["post-3408","post","type-post","status-publish","format-standard","hentry","category-nachrichten","entry"],"_links":{"self":[{"href":"https:\/\/codexflores.ch\/index.php\/wp-json\/wp\/v2\/posts\/3408","targetHints":{"allow":["GET"]}}],"collection":[{"href":"https:\/\/codexflores.ch\/index.php\/wp-json\/wp\/v2\/posts"}],"about":[{"href":"https:\/\/codexflores.ch\/index.php\/wp-json\/wp\/v2\/types\/post"}],"author":[{"embeddable":true,"href":"https:\/\/codexflores.ch\/index.php\/wp-json\/wp\/v2\/users\/1"}],"replies":[{"embeddable":true,"href":"https:\/\/codexflores.ch\/index.php\/wp-json\/wp\/v2\/comments?post=3408"}],"version-history":[{"count":0,"href":"https:\/\/codexflores.ch\/index.php\/wp-json\/wp\/v2\/posts\/3408\/revisions"}],"wp:attachment":[{"href":"https:\/\/codexflores.ch\/index.php\/wp-json\/wp\/v2\/media?parent=3408"}],"wp:term":[{"taxonomy":"category","embeddable":true,"href":"https:\/\/codexflores.ch\/index.php\/wp-json\/wp\/v2\/categories?post=3408"},{"taxonomy":"post_tag","embeddable":true,"href":"https:\/\/codexflores.ch\/index.php\/wp-json\/wp\/v2\/tags?post=3408"}],"curies":[{"name":"wp","href":"https:\/\/api.w.org\/{rel}","templated":true}]}}